{"id":997,"date":"2023-01-12T14:44:00","date_gmt":"2023-01-12T13:44:00","guid":{"rendered":"https:\/\/albeautour.asso.st\/?p=997"},"modified":"2026-03-30T08:23:41","modified_gmt":"2026-03-30T07:23:41","slug":"section-marche-et-decouverte-dimanche-13-octobre-9h45-pont-de-louen","status":"publish","type":"post","link":"https:\/\/albeautour.asso.st\/index.php\/2023\/01\/12\/section-marche-et-decouverte-dimanche-13-octobre-9h45-pont-de-louen\/","title":{"rendered":"Section marche et d\u00e9couverte :  Dimanche 8 mars 2026 \u00e0 Nantes"},"content":{"rendered":"\n<p><\/p>\n\n\n\n<p>Bonjour \u00e0 tous,<\/p>\n\n\n\n<p>Dimanche 8 mars d\u00e9part \u00e0 9h45 \u00e0 l&rsquo;arr\u00eat du tram \u00ab\u00a0Chantiers navals\u00a0\u00bb c\u00f4t\u00e9 nord du pont Anne de Bretagne.<\/p>\n\n\n\n<p>Si vous choisissez les transports en commun, busway Mara\u00eechers \u00e0 9h15.<\/p>\n\n\n\n<p>Si vous choisissez la voiture, le parking de la petite Hollande n&rsquo;est pas trop \u00e9loign\u00e9<\/p>\n\n\n\n<p>Nous filerons vers le bas du Parc de Proc\u00e9, puis place Zola par la rue Monte au ciel et retour par les ruelles vers la place Canclaux.<\/p>\n\n\n\n<p><\/p>\n\n\n\n<p>A dimanche.<\/p>\n\n\n\n<p>Yves<\/p>\n\n\n\n<p id=\"block-b9320745-ef61-4302-8c20-fdf026513604\"><\/p>\n\n\n\n<p><strong>Toujours vaillants, les marcheurs de l&rsquo;Amicale !<\/strong><\/p>\n\n\n\n<p>Amateurs de promenade, de nature, de d\u00e9couverte ou encore de convivialit\u00e9 rejoignez la section marche et d\u00e9couverte !<\/p>\n\n\n\n<p>Les marches ont lieu une fois par mois le dimanche matin (d\u00e9part \u00e0 9h45 ).<br>Accessible \u00e0 tous niveaux, les circuits d&rsquo;une dur\u00e9e de 2h sont pr\u00e9alablement exp\u00e9riment\u00e9s.<\/p>\n\n\n\n<p>La participation aux marches suppose l&rsquo;adh\u00e9sion \u00e0 l&rsquo;amicale la\u00efque et \u00e0 une assurance.<br>Les inscriptions se font avant le d\u00e9part de la marche et sur le lieu de rendez-vous.<\/p>\n\n\n\n<p>Adh\u00e9sion : 30 \u20ac \/ an<\/p>\n\n\n\n<p><strong>CALENDRIER pr\u00e9visionnel marches ALB 2025\/ 2026<\/strong><\/p>\n\n\n\n<p><strong>21 09 2025<\/strong> Vertou ? (9h30 inscriptions \u2013 9h45 d\u00e9part) (Christine ou Anne)<br><strong>12 10 2025<\/strong> (Fran\u00e7oise) ou Yves Lieu \u00e0 d\u00e9terminer<br><strong>16 11 2025<\/strong> (Eric) Lieu \u00e0 d\u00e9terminer<br><strong>14 12 2025<\/strong>\u00a0(Eric) Lieu \u00e0 d\u00e9terminer<br><strong>11 01<\/strong> <strong>2026<\/strong>(Yves) Lieu \u00e0 d\u00e9terminer<br><strong>08 02 2026<\/strong> (Guyl\u00e8ne) Lieu \u00e0 d\u00e9terminer<br><strong>08 03 2026<\/strong> (Eric) Lieu \u00e0 d\u00e9terminer<br><strong>29 03 2026<\/strong> (Erick) Lieu \u00e0 d\u00e9terminer<br><strong>03 05 2026<\/strong> (Fran\u00e7oise) Lieu \u00e0 d\u00e9terminer<br><strong>07 06 2026<\/strong> (Christine ou Anne) Lieu \u00e0 d\u00e9terminer<\/p>\n\n\n\n<p><strong>Rendez-vous 9h20 parking des maraichers pour covoiturage<\/strong><\/p>\n\n\n\n<p>A dimanche.<\/p>\n\n\n\n<p>Eric<\/p>\n\n\n\n<p>Amicalement.<\/p>\n\n\n\n<p><\/p>\n\n\n\n<p><\/p>\n","protected":false},"excerpt":{"rendered":"<p>Bonjour \u00e0 tous, Dimanche 8 mars d\u00e9part \u00e0 9h45 \u00e0 l&rsquo;arr\u00eat du tram \u00ab\u00a0Chantiers navals\u00a0\u00bb c\u00f4t\u00e9 nord du pont Anne de Bretagne. Si vous choisissez les transports en commun, busway Mara\u00eechers \u00e0 9h15. Si vous choisissez la voiture, le parking&#8230; <a class=\"more-link\" href=\"https:\/\/albeautour.asso.st\/index.php\/2023\/01\/12\/section-marche-et-decouverte-dimanche-13-octobre-9h45-pont-de-louen\/\">Continue Reading &rarr;<\/a><\/p>\n","protected":false},"author":2,"featured_media":0,"comment_status":"open","ping_status":"open","sticky":false,"template":"","format":"standard","meta":{"footnotes":""},"categories":[1],"tags":[],"class_list":["post-997","post","type-post","status-publish","format-standard","hentry","category-blog"],"_links":{"self":[{"href":"https:\/\/albeautour.asso.st\/index.php\/wp-json\/wp\/v2\/posts\/997","targetHints":{"allow":["GET"]}}],"collection":[{"href":"https:\/\/albeautour.asso.st\/index.php\/wp-json\/wp\/v2\/posts"}],"about":[{"href":"https:\/\/albeautour.asso.st\/index.php\/wp-json\/wp\/v2\/types\/post"}],"author":[{"embeddable":true,"href":"https:\/\/albeautour.asso.st\/index.php\/wp-json\/wp\/v2\/users\/2"}],"replies":[{"embeddable":true,"href":"https:\/\/albeautour.asso.st\/index.php\/wp-json\/wp\/v2\/comments?post=997"}],"version-history":[{"count":42,"href":"https:\/\/albeautour.asso.st\/index.php\/wp-json\/wp\/v2\/posts\/997\/revisions"}],"predecessor-version":[{"id":1324,"href":"https:\/\/albeautour.asso.st\/index.php\/wp-json\/wp\/v2\/posts\/997\/revisions\/1324"}],"wp:attachment":[{"href":"https:\/\/albeautour.asso.st\/index.php\/wp-json\/wp\/v2\/media?parent=997"}],"wp:term":[{"taxonomy":"category","embeddable":true,"href":"https:\/\/albeautour.asso.st\/index.php\/wp-json\/wp\/v2\/categories?post=997"},{"taxonomy":"post_tag","embeddable":true,"href":"https:\/\/albeautour.asso.st\/index.php\/wp-json\/wp\/v2\/tags?post=997"}],"curies":[{"name":"wp","href":"https:\/\/api.w.org\/{rel}","templated":true}]}}