{"id":948,"date":"2022-09-19T08:00:00","date_gmt":"2022-09-19T07:00:00","guid":{"rendered":"https:\/\/albeautour.asso.st\/?p=948"},"modified":"2022-09-14T09:13:22","modified_gmt":"2022-09-14T08:13:22","slug":"vente-de-brioches","status":"publish","type":"post","link":"https:\/\/albeautour.asso.st\/index.php\/2022\/09\/19\/vente-de-brioches\/","title":{"rendered":"Vente de brioches"},"content":{"rendered":"\n<p class=\"has-text-align-center\"><em><strong><mark style=\"background-color:rgba(0, 0, 0, 0);color:#e08d06\" class=\"has-inline-color\">Prolongation de la vente internet jusqu&rsquo;au 13\/10 inclus<\/mark><\/strong><\/em><\/p>\n\n\n\n<p>Les bulletins de commande seront distribu\u00e9s dans les cahiers de vos enfants dans le courant de la semaine. Vous pouvez \u00e9galement les <a href=\"http:\/\/albeautour.asso.st\/wp-content\/uploads\/2022\/09\/Brioches-2022-10-20-bulletin.pdf\" target=\"_blank\" rel=\"noreferrer noopener\">t\u00e9l\u00e9charger ici<\/a>.<\/p>\n\n\n\n<p>Les brioches sont vendues au prix de 4 \u20ac l\u2019unit\u00e9. Nous vous rappelons que ces ventes permettent \u00e0 l\u2019Amicale de financer les projets d\u2019\u00e9cole.<\/p>\n\n\n\n<p class=\"has-small-font-size\">Info : cette vente est en partenariat avec les Brioches Bonnin (Rez\u00e9).<\/p>\n\n\n\n<p><strong><span style=\"color:#2e8207\" class=\"has-inline-color\">** NOUVEAUTE **<\/span><\/strong><br><strong>Vous pouvez passer votre commande avec un paiement s\u00e9curis\u00e9 par <span style=\"color:#a50218\" class=\"has-inline-color\">carte bancaire<\/span> sur notre boutique HelloAsso<\/strong>. Cliquez sur le bouton :<\/p>\n\n\n\n<div class=\"wp-block-buttons is-layout-flex wp-block-buttons-is-layout-flex\">\n<div class=\"wp-block-button is-style-fill\"><a class=\"wp-block-button__link\" href=\"https:\/\/www.helloasso.com\/associations\/amicale-laique-de-beautour\/boutiques\/vente-de-brioches\" target=\"_blank\" rel=\"noreferrer noopener\"><mark style=\"background-color:rgba(0, 0, 0, 0)\" class=\"has-inline-color has-white-color\">Je commande<\/mark><\/a><\/div>\n<\/div>\n\n\n\n<p><strong>Pour la distribution, rendez-vous&nbsp;le jeudi 20 octobre 2022 :<\/strong><br>&#8211; de 16h30 \u00e0 17h \u00e0 la grille donnant sur l&rsquo;all\u00e9e douce<br>&#8211; de 17h \u00e0 17h30 \u00e0 la grille rue des \u00c9coles (p\u00e9riscolaire)<br>&#8211; apr\u00e8s 17h30, les brioches seront remises au p\u00e9riscolaire (pensez \u00e0 les r\u00e9clamer quand vous allez chercher votre enfant) ou dans les classes.<\/p>\n","protected":false},"excerpt":{"rendered":"<p>Prolongation de la vente internet jusqu&rsquo;au 13\/10 inclus Les bulletins de commande seront distribu\u00e9s dans les cahiers de vos enfants dans le courant de la semaine. Vous pouvez \u00e9galement les t\u00e9l\u00e9charger ici. Les brioches sont vendues au prix de 4&#8230; <a class=\"more-link\" href=\"https:\/\/albeautour.asso.st\/index.php\/2022\/09\/19\/vente-de-brioches\/\">Continue Reading &rarr;<\/a><\/p>\n","protected":false},"author":1,"featured_media":338,"comment_status":"open","ping_status":"open","sticky":false,"template":"","format":"standard","meta":{"footnotes":""},"categories":[6],"tags":[22,12,8],"class_list":["post-948","post","type-post","status-publish","format-standard","has-post-thumbnail","hentry","category-fete-de-lecole","tag-brioches","tag-fete-des-ecoles","tag-vente"],"_links":{"self":[{"href":"https:\/\/albeautour.asso.st\/index.php\/wp-json\/wp\/v2\/posts\/948","targetHints":{"allow":["GET"]}}],"collection":[{"href":"https:\/\/albeautour.asso.st\/index.php\/wp-json\/wp\/v2\/posts"}],"about":[{"href":"https:\/\/albeautour.asso.st\/index.php\/wp-json\/wp\/v2\/types\/post"}],"author":[{"embeddable":true,"href":"https:\/\/albeautour.asso.st\/index.php\/wp-json\/wp\/v2\/users\/1"}],"replies":[{"embeddable":true,"href":"https:\/\/albeautour.asso.st\/index.php\/wp-json\/wp\/v2\/comments?post=948"}],"version-history":[{"count":14,"href":"https:\/\/albeautour.asso.st\/index.php\/wp-json\/wp\/v2\/posts\/948\/revisions"}],"predecessor-version":[{"id":1005,"href":"https:\/\/albeautour.asso.st\/index.php\/wp-json\/wp\/v2\/posts\/948\/revisions\/1005"}],"wp:featuredmedia":[{"embeddable":true,"href":"https:\/\/albeautour.asso.st\/index.php\/wp-json\/wp\/v2\/media\/338"}],"wp:attachment":[{"href":"https:\/\/albeautour.asso.st\/index.php\/wp-json\/wp\/v2\/media?parent=948"}],"wp:term":[{"taxonomy":"category","embeddable":true,"href":"https:\/\/albeautour.asso.st\/index.php\/wp-json\/wp\/v2\/categories?post=948"},{"taxonomy":"post_tag","embeddable":true,"href":"https:\/\/albeautour.asso.st\/index.php\/wp-json\/wp\/v2\/tags?post=948"}],"curies":[{"name":"wp","href":"https:\/\/api.w.org\/{rel}","templated":true}]}}