{"id":827,"date":"2021-09-10T14:00:00","date_gmt":"2021-09-10T13:00:00","guid":{"rendered":"http:\/\/albeautour.asso.st\/?p=827"},"modified":"2021-09-10T09:44:06","modified_gmt":"2021-09-10T08:44:06","slug":"assemblee-generale-jeudi-23-septembre-2021","status":"publish","type":"post","link":"https:\/\/albeautour.asso.st\/index.php\/2021\/09\/10\/assemblee-generale-jeudi-23-septembre-2021\/","title":{"rendered":"Assembl\u00e9e G\u00e9n\u00e9rale : jeudi 23 septembre 2021"},"content":{"rendered":"\n<p>Les deux derni\u00e8res ann\u00e9es scolaires ont \u00e9t\u00e9 compliqu\u00e9es pour tous : confinements, \u00e9cole \u00e0 la maison, annulation des festivit\u00e9s, \u2026 Pour nous, elles l&rsquo;ont \u00e9t\u00e9 d&rsquo;autant plus que les enfants de nombreux membres de l&rsquo;Amicale ont quitt\u00e9 l&rsquo;\u00e9cole Henri Lesage pour rentrer au coll\u00e8ge, sans m\u00eame pouvoir f\u00eater cela lors de notre grande f\u00eate de fin d&rsquo;ann\u00e9e. Le reste de l&rsquo;\u00e9quipe est toujours l\u00e0 et motiv\u00e9, mais il ne nous reste plus beaucoup d&rsquo;ann\u00e9es \u00e0 passer ici, pour les m\u00eames raisons : eh oui, nos enfants grandissent vite&#8230; <\/p>\n\n\n\n<p><strong>C&rsquo;est pourquoi, aujourd&rsquo;hui plus que jamais, nous avons besoin que de nouveaux parents nous rejoignent, pour transmettre nos actions, continuer \u00e0 les faire \u00e9voluer et en inventer de nouvelles. <\/strong><\/p>\n\n\n\n<p>Vous devez penser que cela prend du temps, que vous ne le trouverez jamais&#8230; Rassurez-vous, nous nous r\u00e9unissons une fois par mois lors d&rsquo;une r\u00e9union de 2 heures environ. Ensuite, les t\u00e2ches sont r\u00e9parties en fonction de l&rsquo;envie et de la disponibilit\u00e9 de chacun. Et donc, plus nous sommes nombreux, moins cela prend de temps \u00e0 chacun.<\/p>\n\n\n\n<p>Si vous souhaitez en savoir plus, venez nous rencontrer lors de notre <strong><u>Assembl\u00e9e G\u00e9n\u00e9rale le jeudi 23 septembre<\/u><\/strong> \u00e0 20h \u00e0 l\u2019espace associatif Henri Lesage (rue des \u00c9coles). Cela ne vous engage \u00e0 rien, juste \u00e0 nous montrer votre int\u00e9r\u00eat : \u00e0 nous de vous convaincre de participer \u00e0 cette belle aventure !<\/p>\n\n\n\n<p>A bient\u00f4t !<\/p>\n","protected":false},"excerpt":{"rendered":"<p>Les deux derni\u00e8res ann\u00e9es scolaires ont \u00e9t\u00e9 compliqu\u00e9es pour tous : confinements, \u00e9cole \u00e0 la maison, annulation des festivit\u00e9s, \u2026 Pour nous, elles l&rsquo;ont \u00e9t\u00e9 d&rsquo;autant plus que les enfants de nombreux membres de l&rsquo;Amicale ont quitt\u00e9 l&rsquo;\u00e9cole Henri Lesage&#8230; <a class=\"more-link\" href=\"https:\/\/albeautour.asso.st\/index.php\/2021\/09\/10\/assemblee-generale-jeudi-23-septembre-2021\/\">Continue Reading &rarr;<\/a><\/p>\n","protected":false},"author":1,"featured_media":828,"comment_status":"open","ping_status":"open","sticky":false,"template":"","format":"standard","meta":{"footnotes":""},"categories":[1],"tags":[15,17,16],"class_list":["post-827","post","type-post","status-publish","format-standard","has-post-thumbnail","hentry","category-blog","tag-ag","tag-participation","tag-recrutement"],"_links":{"self":[{"href":"https:\/\/albeautour.asso.st\/index.php\/wp-json\/wp\/v2\/posts\/827","targetHints":{"allow":["GET"]}}],"collection":[{"href":"https:\/\/albeautour.asso.st\/index.php\/wp-json\/wp\/v2\/posts"}],"about":[{"href":"https:\/\/albeautour.asso.st\/index.php\/wp-json\/wp\/v2\/types\/post"}],"author":[{"embeddable":true,"href":"https:\/\/albeautour.asso.st\/index.php\/wp-json\/wp\/v2\/users\/1"}],"replies":[{"embeddable":true,"href":"https:\/\/albeautour.asso.st\/index.php\/wp-json\/wp\/v2\/comments?post=827"}],"version-history":[{"count":1,"href":"https:\/\/albeautour.asso.st\/index.php\/wp-json\/wp\/v2\/posts\/827\/revisions"}],"predecessor-version":[{"id":829,"href":"https:\/\/albeautour.asso.st\/index.php\/wp-json\/wp\/v2\/posts\/827\/revisions\/829"}],"wp:featuredmedia":[{"embeddable":true,"href":"https:\/\/albeautour.asso.st\/index.php\/wp-json\/wp\/v2\/media\/828"}],"wp:attachment":[{"href":"https:\/\/albeautour.asso.st\/index.php\/wp-json\/wp\/v2\/media?parent=827"}],"wp:term":[{"taxonomy":"category","embeddable":true,"href":"https:\/\/albeautour.asso.st\/index.php\/wp-json\/wp\/v2\/categories?post=827"},{"taxonomy":"post_tag","embeddable":true,"href":"https:\/\/albeautour.asso.st\/index.php\/wp-json\/wp\/v2\/tags?post=827"}],"curies":[{"name":"wp","href":"https:\/\/api.w.org\/{rel}","templated":true}]}}