{"id":789,"date":"2021-05-20T07:56:19","date_gmt":"2021-05-20T06:56:19","guid":{"rendered":"http:\/\/albeautour.asso.st\/?p=789"},"modified":"2021-06-15T13:11:16","modified_gmt":"2021-06-15T12:11:16","slug":"fete-des-ecoles-3-juillet-2021","status":"publish","type":"post","link":"https:\/\/albeautour.asso.st\/index.php\/2021\/05\/20\/fete-des-ecoles-3-juillet-2021\/","title":{"rendered":"F\u00eate des \u00e9coles : 3 juillet 2021 ?"},"content":{"rendered":"\n<p><em>EDIT du 15\/06\/2021 : suite aux directives et recommandations de l\u2019\u00c9ducation Nationale et de la municipalit\u00e9, nous sommes contraints d&rsquo;annuler la f\u00eate des \u00e9coles pour la 2\u00e8me ann\u00e9e cons\u00e9cutive, car nous n&rsquo;avons pas l&rsquo;autorisation d&rsquo;occuper la cour de l&rsquo;\u00e9cole.<br>Nous en sommes bien d\u00e9sol\u00e9s et nous pr\u00e9voyons tout de m\u00eame un petit souvenir sous forme de distribution de sachets de bonbons : si votre enfant ne doit pas recevoir de bonbons, merci d&rsquo;en avertir son enseignante.<\/em><\/p>\n\n\n\n<p>En raison du contexte sanitaire, nous ne sommes pas certains que la f\u00eate des \u00e9coles puisse avoir lieu cette ann\u00e9e. Cependant, afin de garder de meilleures chances de pouvoir l&rsquo;organiser, nous avons d\u00e9cid\u00e9 de d\u00e9caler d&rsquo;une semaine la date pour l&rsquo;\u00e9ventuelle f\u00eate et le tirage de la tombola (pr\u00e9vus initialement le 26 juin), et de reporter l&rsquo;\u00e9v\u00e9nement au <strong><span class=\"has-inline-color has-accent-color\">samedi 3 juillet<\/span><\/strong>.<br>Nous esp\u00e9rons pouvoir valider mi-juin si et dans quelles conditions la f\u00eate a lieu. D&rsquo;ici l\u00e0, bloquez la date du 3 juillet dans vos agendas !<br>Merci aux enseignantes et aux familles de leur indulgence pour cette organisation de derni\u00e8re minute.<\/p>\n","protected":false},"excerpt":{"rendered":"<p>EDIT du 15\/06\/2021 : suite aux directives et recommandations de l\u2019\u00c9ducation Nationale et de la municipalit\u00e9, nous sommes contraints d&rsquo;annuler la f\u00eate des \u00e9coles pour la 2\u00e8me ann\u00e9e cons\u00e9cutive, car nous n&rsquo;avons pas l&rsquo;autorisation d&rsquo;occuper la cour de l&rsquo;\u00e9cole.Nous en&#8230; <a class=\"more-link\" href=\"https:\/\/albeautour.asso.st\/index.php\/2021\/05\/20\/fete-des-ecoles-3-juillet-2021\/\">Continue Reading &rarr;<\/a><\/p>\n","protected":false},"author":2,"featured_media":0,"comment_status":"open","ping_status":"open","sticky":false,"template":"","format":"standard","meta":{"footnotes":""},"categories":[6],"tags":[12,13],"class_list":["post-789","post","type-post","status-publish","format-standard","hentry","category-fete-de-lecole","tag-fete-des-ecoles","tag-tombola"],"_links":{"self":[{"href":"https:\/\/albeautour.asso.st\/index.php\/wp-json\/wp\/v2\/posts\/789","targetHints":{"allow":["GET"]}}],"collection":[{"href":"https:\/\/albeautour.asso.st\/index.php\/wp-json\/wp\/v2\/posts"}],"about":[{"href":"https:\/\/albeautour.asso.st\/index.php\/wp-json\/wp\/v2\/types\/post"}],"author":[{"embeddable":true,"href":"https:\/\/albeautour.asso.st\/index.php\/wp-json\/wp\/v2\/users\/2"}],"replies":[{"embeddable":true,"href":"https:\/\/albeautour.asso.st\/index.php\/wp-json\/wp\/v2\/comments?post=789"}],"version-history":[{"count":4,"href":"https:\/\/albeautour.asso.st\/index.php\/wp-json\/wp\/v2\/posts\/789\/revisions"}],"predecessor-version":[{"id":803,"href":"https:\/\/albeautour.asso.st\/index.php\/wp-json\/wp\/v2\/posts\/789\/revisions\/803"}],"wp:attachment":[{"href":"https:\/\/albeautour.asso.st\/index.php\/wp-json\/wp\/v2\/media?parent=789"}],"wp:term":[{"taxonomy":"category","embeddable":true,"href":"https:\/\/albeautour.asso.st\/index.php\/wp-json\/wp\/v2\/categories?post=789"},{"taxonomy":"post_tag","embeddable":true,"href":"https:\/\/albeautour.asso.st\/index.php\/wp-json\/wp\/v2\/tags?post=789"}],"curies":[{"name":"wp","href":"https:\/\/api.w.org\/{rel}","templated":true}]}}