{"id":736,"date":"2022-03-21T09:00:00","date_gmt":"2022-03-21T08:00:00","guid":{"rendered":"http:\/\/albeautour.asso.st\/?p=736"},"modified":"2022-03-18T09:00:15","modified_gmt":"2022-03-18T08:00:15","slug":"chouchoutez-votre-jardin","status":"publish","type":"post","link":"https:\/\/albeautour.asso.st\/index.php\/2022\/03\/21\/chouchoutez-votre-jardin\/","title":{"rendered":"Chouchoutez votre jardin !"},"content":{"rendered":"\n<p>En partenariat avec les <a rel=\"noreferrer noopener\" href=\"https:\/\/www.pepinieres-renaud.com\/\" target=\"_blank\">p\u00e9pini\u00e8res Renaud<\/a> situ\u00e9e \u00e0 Vertou (zone de la Lou\u00e9e), nous vous proposons une vente de printemps pour <strong>des plants de fruits et l\u00e9gumes, herbes aromatiques et fleurs<\/strong>.<\/p>\n\n\n\n<p>L\u2019amicale la\u00efque a \u00e0 c\u0153ur de soutenir nos commerces locaux et de proposer aux familles des produits de qualit\u00e9 en circuit court.<\/p>\n\n\n\n<p>Que vous ayez un jardin, une terrasse ou un simple balcon, d\u00e9gustez des <span style=\"color:#bb0c1b\" class=\"has-inline-color\">tomates <\/span>cultiv\u00e9es par vos soins, cueillez les quelques brins de <span style=\"color:#108b0d\" class=\"has-inline-color\">menthe <\/span>ou de <span style=\"color:#108b0d\" class=\"has-inline-color\">ciboulette <\/span>dont vous avez besoin pour votre salade, profitez des couleurs \u00e9clatantes des <span style=\"color:#b12ed5\" class=\"has-inline-color\">fleurs <\/span>que vous avez arros\u00e9es&nbsp;!<\/p>\n\n\n\n<p>N\u2019h\u00e9sitez pas \u00e0 faire profiter de cette vente vos familles, voisins, amis ou coll\u00e8gues : il suffit de remplir un bon de commande pour chaque personne de votre entourage int\u00e9ress\u00e9e, en ajoutant simplement votre nom en tant que r\u00e9f\u00e9rent.\u00a0Nous vous proposons deux options pour nous faire parvenir vos bons de commande :<\/p>\n\n\n\n<p><span style=\"color:#f9c815\" class=\"has-inline-color\"><strong>Option papier :<\/strong>&nbsp;<\/span>vous remplissez le bon de commande jaune fourni dans le cahier de votre enfant&nbsp;et&nbsp;vous le glissez avec votre ch\u00e8que&nbsp;dans une enveloppe sur laquelle vous inscrivez les nom&nbsp;et&nbsp;pr\u00e9nom&nbsp;de votre enfant et le nom de son enseignante.&nbsp;Vous d\u00e9posez le tout dans le cahier de votre enfant ou dans la boite aux lettres de l&rsquo;ALB (27 rue des Ecoles)<strong>&nbsp;avant le 08 avril.<\/strong><\/p>\n\n\n\n<p><span style=\"color:#36b9f1\" class=\"has-inline-color\"><strong>Option d\u00e9mat\u00e9rialis\u00e9e :<\/strong><\/span>\u00a0vous t\u00e9l\u00e9chargez le\u00a0bon de commande sur <a rel=\"noreferrer noopener\" target=\"_blank\" href=\"https:\/\/docs.google.com\/spreadsheets\/d\/1zZFXMxIhiSMnCwdi2F7exQJSZ6d12XvH\/edit#gid=1478432560\">ce lien<\/a>, vous le remplissez et\u00a0vous nous l&rsquo;envoyez par e-mail \u00e0\u00a0<a rel=\"noreferrer noopener\" target=\"_blank\" href=\"mailto:albeautour@yahoo.fr\">albeautour@yahoo.fr<\/a>. Dans ce cas, vous payez <strong>avant le 20 avril<\/strong>\u00a0par virement\u00a0sur le compte de l&rsquo;amicale en mentionnant imp\u00e9rativement\u00a0les nom\u00a0et\u00a0pr\u00e9nom\u00a0de votre enfant + le nom de son enseignante dans le motif du virement. Nos coordonn\u00e9es bancaires sont disponibles\u00a0<a rel=\"noreferrer noopener\" href=\"http:\/\/albeautour.asso.st\/wp-content\/uploads\/2022\/03\/RIB-ALB-ssad.jpg\" target=\"_blank\">ICI<\/a>.\u00a0<\/p>\n\n\n\n<p>En raison du volume et de la fragilit\u00e9 des plants, les commandes ne seront pas distribu\u00e9es aux enfants dans les classes. Des permanences pour le retrait de vos commandes se tiendront \u00e0 l&rsquo;\u00e9cole le\u00a0<strong>vendredi 6 mai et le samedi 7 mai<\/strong>. Nous vous demanderons de r\u00e9server un\u00a0cr\u00e9neau\u00a0horaire afin de faciliter le retrait. Aux alentours du 1er mai, nous vous pr\u00e9ciserons le lieu de retrait et vous enverrons un lien vers l&rsquo;application de r\u00e9servation des\u00a0cr\u00e9neaux horaires : veillez \u00e0 renseigner <strong>lisiblement<\/strong> votre adresse e-mail.<\/p>\n\n\n\n<p><a href=\"https:\/\/docs.google.com\/spreadsheets\/d\/1zZFXMxIhiSMnCwdi2F7exQJSZ6d12XvH\/edit?usp=sharing&amp;ouid=104018401901754494727&amp;rtpof=true&amp;sd=true\" target=\"_blank\" rel=\"noreferrer noopener\">T\u00e9l\u00e9charger ici le bon de commande<\/a> (modifiable sur Excel pour vous \u00e9viter les calculs \ud83d\ude42 )<\/p>\n","protected":false},"excerpt":{"rendered":"<p>En partenariat avec les p\u00e9pini\u00e8res Renaud situ\u00e9e \u00e0 Vertou (zone de la Lou\u00e9e), nous vous proposons une vente de printemps pour des plants de fruits et l\u00e9gumes, herbes aromatiques et fleurs. L\u2019amicale la\u00efque a \u00e0 c\u0153ur de soutenir nos commerces&#8230; <a class=\"more-link\" href=\"https:\/\/albeautour.asso.st\/index.php\/2022\/03\/21\/chouchoutez-votre-jardin\/\">Continue Reading &rarr;<\/a><\/p>\n","protected":false},"author":1,"featured_media":742,"comment_status":"open","ping_status":"open","sticky":false,"template":"","format":"standard","meta":{"footnotes":""},"categories":[1],"tags":[10,11,9,8],"class_list":["post-736","post","type-post","status-publish","format-standard","has-post-thumbnail","hentry","category-blog","tag-fruits","tag-herbes-aromatiques","tag-legumes","tag-vente"],"_links":{"self":[{"href":"https:\/\/albeautour.asso.st\/index.php\/wp-json\/wp\/v2\/posts\/736","targetHints":{"allow":["GET"]}}],"collection":[{"href":"https:\/\/albeautour.asso.st\/index.php\/wp-json\/wp\/v2\/posts"}],"about":[{"href":"https:\/\/albeautour.asso.st\/index.php\/wp-json\/wp\/v2\/types\/post"}],"author":[{"embeddable":true,"href":"https:\/\/albeautour.asso.st\/index.php\/wp-json\/wp\/v2\/users\/1"}],"replies":[{"embeddable":true,"href":"https:\/\/albeautour.asso.st\/index.php\/wp-json\/wp\/v2\/comments?post=736"}],"version-history":[{"count":15,"href":"https:\/\/albeautour.asso.st\/index.php\/wp-json\/wp\/v2\/posts\/736\/revisions"}],"predecessor-version":[{"id":925,"href":"https:\/\/albeautour.asso.st\/index.php\/wp-json\/wp\/v2\/posts\/736\/revisions\/925"}],"wp:featuredmedia":[{"embeddable":true,"href":"https:\/\/albeautour.asso.st\/index.php\/wp-json\/wp\/v2\/media\/742"}],"wp:attachment":[{"href":"https:\/\/albeautour.asso.st\/index.php\/wp-json\/wp\/v2\/media?parent=736"}],"wp:term":[{"taxonomy":"category","embeddable":true,"href":"https:\/\/albeautour.asso.st\/index.php\/wp-json\/wp\/v2\/categories?post=736"},{"taxonomy":"post_tag","embeddable":true,"href":"https:\/\/albeautour.asso.st\/index.php\/wp-json\/wp\/v2\/tags?post=736"}],"curies":[{"name":"wp","href":"https:\/\/api.w.org\/{rel}","templated":true}]}}