{"id":728,"date":"2020-11-07T11:41:53","date_gmt":"2020-11-07T10:41:53","guid":{"rendered":"http:\/\/albeautour.asso.st\/?p=728"},"modified":"2020-12-09T11:46:39","modified_gmt":"2020-12-09T10:46:39","slug":"pas-dedition-du-diner-dansant-2021","status":"publish","type":"post","link":"https:\/\/albeautour.asso.st\/index.php\/2020\/11\/07\/pas-dedition-du-diner-dansant-2021\/","title":{"rendered":"Pas d&rsquo;\u00e9dition du D\u00eener dansant 2021"},"content":{"rendered":"\n<p>En raison des trop grandes incertitudes dues au contexte sanitaire, nous ne sommes pas en mesure de programmer notre traditionnel d\u00eener dansant en janvier 2021. Nous le regrettons, mais vous souhaitons \u00e0 tous, par avance, de joyeuses f\u00eates de fin d&rsquo;ann\u00e9e et une ann\u00e9e 2021 sous de meilleurs auspices que 2020.<\/p>\n\n\n\n<p>Prenez soin de vous !<\/p>\n","protected":false},"excerpt":{"rendered":"<p>En raison des trop grandes incertitudes dues au contexte sanitaire, nous ne sommes pas en mesure de programmer notre traditionnel d\u00eener dansant en janvier 2021. Nous le regrettons, mais vous souhaitons \u00e0 tous, par avance, de joyeuses f\u00eates de fin&#8230; <a class=\"more-link\" href=\"https:\/\/albeautour.asso.st\/index.php\/2020\/11\/07\/pas-dedition-du-diner-dansant-2021\/\">Continue Reading &rarr;<\/a><\/p>\n","protected":false},"author":1,"featured_media":294,"comment_status":"open","ping_status":"open","sticky":false,"template":"","format":"standard","meta":{"footnotes":""},"categories":[5],"tags":[],"class_list":["post-728","post","type-post","status-publish","format-standard","has-post-thumbnail","hentry","category-soiree-dansante"],"_links":{"self":[{"href":"https:\/\/albeautour.asso.st\/index.php\/wp-json\/wp\/v2\/posts\/728","targetHints":{"allow":["GET"]}}],"collection":[{"href":"https:\/\/albeautour.asso.st\/index.php\/wp-json\/wp\/v2\/posts"}],"about":[{"href":"https:\/\/albeautour.asso.st\/index.php\/wp-json\/wp\/v2\/types\/post"}],"author":[{"embeddable":true,"href":"https:\/\/albeautour.asso.st\/index.php\/wp-json\/wp\/v2\/users\/1"}],"replies":[{"embeddable":true,"href":"https:\/\/albeautour.asso.st\/index.php\/wp-json\/wp\/v2\/comments?post=728"}],"version-history":[{"count":1,"href":"https:\/\/albeautour.asso.st\/index.php\/wp-json\/wp\/v2\/posts\/728\/revisions"}],"predecessor-version":[{"id":729,"href":"https:\/\/albeautour.asso.st\/index.php\/wp-json\/wp\/v2\/posts\/728\/revisions\/729"}],"wp:featuredmedia":[{"embeddable":true,"href":"https:\/\/albeautour.asso.st\/index.php\/wp-json\/wp\/v2\/media\/294"}],"wp:attachment":[{"href":"https:\/\/albeautour.asso.st\/index.php\/wp-json\/wp\/v2\/media?parent=728"}],"wp:term":[{"taxonomy":"category","embeddable":true,"href":"https:\/\/albeautour.asso.st\/index.php\/wp-json\/wp\/v2\/categories?post=728"},{"taxonomy":"post_tag","embeddable":true,"href":"https:\/\/albeautour.asso.st\/index.php\/wp-json\/wp\/v2\/tags?post=728"}],"curies":[{"name":"wp","href":"https:\/\/api.w.org\/{rel}","templated":true}]}}