{"id":659,"date":"2020-06-11T11:33:22","date_gmt":"2020-06-11T10:33:22","guid":{"rendered":"http:\/\/albeautour.asso.st\/?p=659"},"modified":"2020-06-11T11:33:22","modified_gmt":"2020-06-11T10:33:22","slug":"communication-covid-19","status":"publish","type":"post","link":"https:\/\/albeautour.asso.st\/index.php\/2020\/06\/11\/communication-covid-19\/","title":{"rendered":"Communication Covid 19"},"content":{"rendered":"\n<p> <\/p>\n\n\n\n<p>En  raison du confinement, nous n&rsquo;avons pas pu assurer la distribution des  brioches pr\u00e9vue le 26 mars 2020. Vous avez re\u00e7u une information par e-mail concernant les r\u00e8glements  d\u00e9j\u00e0 re\u00e7us par ch\u00e8ques et esp\u00e8ces. Nous vous remercions de votre compr\u00e9hension.<\/p>\n\n\n\n<p>Comme  vous vous en doutez, il ne sera pas possible non plus d&rsquo;assurer une  f\u00eate des \u00e9coles pour cette ann\u00e9e 2020. Depuis l&rsquo;ouverture de l&rsquo;\u00e9cole en  1954, ce sera la premi\u00e8re annulation&#8230; Nous nous retrouverons en  septembre, si les salles de la mairie sont de nouveau accessibles,  pleins d&rsquo;\u00e9nergie et de motivation afin d&rsquo;assurer une magnifique f\u00eate  pour 2021 ! <\/p>\n\n\n\n<p>En attendant, nous esp\u00e9rons que chacun surmonte cette crise le mieux possible, et nous vous souhaitons un bel \u00e9t\u00e9.<\/p>\n\n\n\n<p><br><\/p>\n","protected":false},"excerpt":{"rendered":"<p>En raison du confinement, nous n&rsquo;avons pas pu assurer la distribution des brioches pr\u00e9vue le 26 mars 2020. Vous avez re\u00e7u une information par e-mail concernant les r\u00e8glements d\u00e9j\u00e0 re\u00e7us par ch\u00e8ques et esp\u00e8ces. Nous vous remercions de votre compr\u00e9hension&#8230;. <a class=\"more-link\" href=\"https:\/\/albeautour.asso.st\/index.php\/2020\/06\/11\/communication-covid-19\/\">Continue Reading &rarr;<\/a><\/p>\n","protected":false},"author":2,"featured_media":0,"comment_status":"open","ping_status":"open","sticky":false,"template":"","format":"standard","meta":{"footnotes":""},"categories":[1],"tags":[],"class_list":["post-659","post","type-post","status-publish","format-standard","hentry","category-blog"],"_links":{"self":[{"href":"https:\/\/albeautour.asso.st\/index.php\/wp-json\/wp\/v2\/posts\/659","targetHints":{"allow":["GET"]}}],"collection":[{"href":"https:\/\/albeautour.asso.st\/index.php\/wp-json\/wp\/v2\/posts"}],"about":[{"href":"https:\/\/albeautour.asso.st\/index.php\/wp-json\/wp\/v2\/types\/post"}],"author":[{"embeddable":true,"href":"https:\/\/albeautour.asso.st\/index.php\/wp-json\/wp\/v2\/users\/2"}],"replies":[{"embeddable":true,"href":"https:\/\/albeautour.asso.st\/index.php\/wp-json\/wp\/v2\/comments?post=659"}],"version-history":[{"count":2,"href":"https:\/\/albeautour.asso.st\/index.php\/wp-json\/wp\/v2\/posts\/659\/revisions"}],"predecessor-version":[{"id":661,"href":"https:\/\/albeautour.asso.st\/index.php\/wp-json\/wp\/v2\/posts\/659\/revisions\/661"}],"wp:attachment":[{"href":"https:\/\/albeautour.asso.st\/index.php\/wp-json\/wp\/v2\/media?parent=659"}],"wp:term":[{"taxonomy":"category","embeddable":true,"href":"https:\/\/albeautour.asso.st\/index.php\/wp-json\/wp\/v2\/categories?post=659"},{"taxonomy":"post_tag","embeddable":true,"href":"https:\/\/albeautour.asso.st\/index.php\/wp-json\/wp\/v2\/tags?post=659"}],"curies":[{"name":"wp","href":"https:\/\/api.w.org\/{rel}","templated":true}]}}