{"id":598,"date":"2019-11-17T19:04:41","date_gmt":"2019-11-17T18:04:41","guid":{"rendered":"http:\/\/albeautour.asso.st\/?p=598"},"modified":"2019-11-25T16:09:44","modified_gmt":"2019-11-25T15:09:44","slug":"diner-dansant-1er-fevrier-2020","status":"publish","type":"post","link":"https:\/\/albeautour.asso.st\/index.php\/2019\/11\/17\/diner-dansant-1er-fevrier-2020\/","title":{"rendered":"D\u00eener dansant :  1er f\u00e9vrier 2020"},"content":{"rendered":"\n<p class=\"has-text-align-center\">Notre 39\u00e8me d\u00eener dansant aura lieu le <strong>samedi 1er f\u00e9vrier 2020<\/strong>, \u00e0 la salle S\u00e8vre et Maine de Vertou, accueil \u00e0 partir de 19h00.<\/p>\n\n\n\n<p style=\"font-size:0\" class=\"has-text-align-center\">Vous pourrez vous r\u00e9galer gr\u00e2ce \u00e0 Jamin traiteur, qui vous propose le menu suivant :<\/p>\n\n\n\n<p class=\"has-text-align-center\">Punch au muscadet <br>Assiette de mises en bouche  et de verrines <br>Supr\u00eame de volaille aux agrumes, l\u00e9gumes wok et gratin sarladais <br>Assiette de fromages<br>Croquant au chocolat <br>Caf\u00e9<br><em>Inclus : une bouteille de vin et une bouteille d&rsquo;eau pour 6 personnes<br><\/em>***<\/p>\n\n\n\n<div class=\"wp-block-image\"><figure class=\"aligncenter size-large is-resized\"><img loading=\"lazy\" decoding=\"async\" src=\"http:\/\/albeautour.asso.st\/wp-content\/uploads\/2019\/11\/aurelie_gusto.jpg\" alt=\"\" class=\"wp-image-599\" width=\"288\" height=\"403\"\/><figcaption> <a href=\"https:\/\/www.aureliegusto.com\/\" target=\"_blank\" rel=\"noreferrer noopener\" aria-label=\" (s\u2019ouvre dans un nouvel onglet)\">Aur\u00e9lie Gusto<\/a> animera cette soir\u00e9e festive. <\/figcaption><\/figure><\/div>\n\n\n\n<p class=\"has-text-align-center\">Pour vous inscrire : directement sur <a href=\"https:\/\/www.billetweb.fr\/diner-dansant-alb-2020&amp;src=agenda\" target=\"_blank\" rel=\"noreferrer noopener\" aria-label=\" (s\u2019ouvre dans un nouvel onglet)\">Billetweb<\/a> ; sinon, t\u00e9l\u00e9chargez et imprimez le <a rel=\"noreferrer noopener\" aria-label=\" (s\u2019ouvre dans un nouvel onglet)\" href=\"http:\/\/albeautour.asso.st\/wp-content\/uploads\/2019\/11\/Bulletin-d\u2019inscription-39\u00e8me-D\u00eener-dansant.pdf\" target=\"_blank\">bulletin d\u2019inscription<\/a>, toutes les informations n\u00e9cessaires y sont pr\u00e9cis\u00e9es.Et voici notre affichette que vous pouvez t\u00e9l\u00e9charger et faire suivre \u00e0 tous vos amis : <a rel=\"noreferrer noopener\" aria-label=\" (s\u2019ouvre dans un nouvel onglet)\" href=\"http:\/\/albeautour.asso.st\/wp-content\/uploads\/2019\/11\/Flyer-DD-2020.pdf\" target=\"_blank\">d\u00eener dansant 2020<\/a><\/p>\n\n\n\n<p class=\"has-text-align-center\">Pour nous contacter : albeautour@yahoo.fr<\/p>\n\n\n\n<p style=\"font-size:14px\" class=\"has-text-align-center\"><em> Inscrivez-vous \u00e0 notre lettre d&rsquo;information en cliquant <a href=\"http:\/\/eepurl.com\/cm3k89\">ICI.<\/a> <\/em><\/p>\n","protected":false},"excerpt":{"rendered":"<p>Notre 39\u00e8me d\u00eener dansant aura lieu le samedi 1er f\u00e9vrier 2020, \u00e0 la salle S\u00e8vre et Maine de Vertou, accueil \u00e0 partir de 19h00. Vous pourrez vous r\u00e9galer gr\u00e2ce \u00e0 Jamin traiteur, qui vous propose le menu suivant : Punch&#8230; <a class=\"more-link\" href=\"https:\/\/albeautour.asso.st\/index.php\/2019\/11\/17\/diner-dansant-1er-fevrier-2020\/\">Continue Reading &rarr;<\/a><\/p>\n","protected":false},"author":1,"featured_media":291,"comment_status":"open","ping_status":"open","sticky":false,"template":"","format":"standard","meta":{"footnotes":""},"categories":[5],"tags":[],"class_list":["post-598","post","type-post","status-publish","format-standard","has-post-thumbnail","hentry","category-soiree-dansante"],"_links":{"self":[{"href":"https:\/\/albeautour.asso.st\/index.php\/wp-json\/wp\/v2\/posts\/598","targetHints":{"allow":["GET"]}}],"collection":[{"href":"https:\/\/albeautour.asso.st\/index.php\/wp-json\/wp\/v2\/posts"}],"about":[{"href":"https:\/\/albeautour.asso.st\/index.php\/wp-json\/wp\/v2\/types\/post"}],"author":[{"embeddable":true,"href":"https:\/\/albeautour.asso.st\/index.php\/wp-json\/wp\/v2\/users\/1"}],"replies":[{"embeddable":true,"href":"https:\/\/albeautour.asso.st\/index.php\/wp-json\/wp\/v2\/comments?post=598"}],"version-history":[{"count":7,"href":"https:\/\/albeautour.asso.st\/index.php\/wp-json\/wp\/v2\/posts\/598\/revisions"}],"predecessor-version":[{"id":618,"href":"https:\/\/albeautour.asso.st\/index.php\/wp-json\/wp\/v2\/posts\/598\/revisions\/618"}],"wp:featuredmedia":[{"embeddable":true,"href":"https:\/\/albeautour.asso.st\/index.php\/wp-json\/wp\/v2\/media\/291"}],"wp:attachment":[{"href":"https:\/\/albeautour.asso.st\/index.php\/wp-json\/wp\/v2\/media?parent=598"}],"wp:term":[{"taxonomy":"category","embeddable":true,"href":"https:\/\/albeautour.asso.st\/index.php\/wp-json\/wp\/v2\/categories?post=598"},{"taxonomy":"post_tag","embeddable":true,"href":"https:\/\/albeautour.asso.st\/index.php\/wp-json\/wp\/v2\/tags?post=598"}],"curies":[{"name":"wp","href":"https:\/\/api.w.org\/{rel}","templated":true}]}}