{"id":558,"date":"2019-04-25T08:11:24","date_gmt":"2019-04-25T07:11:24","guid":{"rendered":"http:\/\/albeautour.asso.st\/?p=558"},"modified":"2019-04-29T08:17:23","modified_gmt":"2019-04-29T07:17:23","slug":"fete-ecoles-2019-nouvelle-formule","status":"publish","type":"post","link":"https:\/\/albeautour.asso.st\/index.php\/2019\/04\/25\/fete-ecoles-2019-nouvelle-formule\/","title":{"rendered":"F\u00eate des \u00e9coles 2019 : la nouvelle formule"},"content":{"rendered":"<p>En concertation avec les \u00e9quipes enseignantes, nous \u00e9trennons cette ann\u00e9e une nouvelle formule pour notre traditionnelle f\u00eate des \u00e9coles\u00a0: le spectacle des enfants d\u2019\u00e9l\u00e9mentaire, sur le th\u00e8me du cirque, aura lieu en fin de matin\u00e9e, puis nous vous proposons de d\u00e9jeuner sur place, avant l\u2019ouverture des stands et le d\u00e9but du spectacle des enfants de maternelle.<\/p>\n<p>Voici \u00e0 titre indicatif les horaires pr\u00e9vus (qui pourront \u00eatre l\u00e9g\u00e8rement modifi\u00e9s en fonction des contraintes de spectacles ou de repas)\u00a0:<\/p>\n<p><span style=\"color: #ff6600;\">11h00\u00a0: spectacle \u00e9l\u00e9mentaire<\/span><\/p>\n<p>12h00-13h30\u00a0: repas \u00e0 l\u2019\u00e9cole, bancs et tables \u00e0 votre disposition<\/p>\n<p style=\"padding-left: 30px;\"><em>\u00a0\u2192 Grillades ou plateaux-repas sur place (sur pr\u00e9-commande, <a href=\"http:\/\/albeautour.asso.st\/index.php\/2019\/04\/25\/fete-ecoles-2019-nouvelle-formule\/bulletin-de-commande-dejeuner-2019\/\" target=\"_blank\" rel=\"noopener\">bulletins disponibles<\/a>), ou apportez votre pique-nique<\/em><\/p>\n<p>13h00\u00a0: ouverture des stands \u00e9l\u00e9mentaires<\/p>\n<p><span style=\"color: #0000ff;\">13h30-14h30\u00a0: spectacle maternelle<\/span><\/p>\n<p>14h30\u00a0: ouverture des stands maternelle<\/p>\n<p>16h30\u00a0: tirage de la tombola<\/p>\n","protected":false},"excerpt":{"rendered":"<p>En concertation avec les \u00e9quipes enseignantes, nous \u00e9trennons cette ann\u00e9e une nouvelle formule pour notre traditionnelle f\u00eate des \u00e9coles\u00a0: le spectacle des enfants d\u2019\u00e9l\u00e9mentaire, sur le th\u00e8me du cirque, aura lieu en fin de matin\u00e9e, puis nous vous proposons de&#8230; <a class=\"more-link\" href=\"https:\/\/albeautour.asso.st\/index.php\/2019\/04\/25\/fete-ecoles-2019-nouvelle-formule\/\">Continue Reading &rarr;<\/a><\/p>\n","protected":false},"author":2,"featured_media":0,"comment_status":"open","ping_status":"open","sticky":false,"template":"","format":"standard","meta":{"footnotes":""},"categories":[6],"tags":[],"class_list":["post-558","post","type-post","status-publish","format-standard","hentry","category-fete-de-lecole"],"_links":{"self":[{"href":"https:\/\/albeautour.asso.st\/index.php\/wp-json\/wp\/v2\/posts\/558","targetHints":{"allow":["GET"]}}],"collection":[{"href":"https:\/\/albeautour.asso.st\/index.php\/wp-json\/wp\/v2\/posts"}],"about":[{"href":"https:\/\/albeautour.asso.st\/index.php\/wp-json\/wp\/v2\/types\/post"}],"author":[{"embeddable":true,"href":"https:\/\/albeautour.asso.st\/index.php\/wp-json\/wp\/v2\/users\/2"}],"replies":[{"embeddable":true,"href":"https:\/\/albeautour.asso.st\/index.php\/wp-json\/wp\/v2\/comments?post=558"}],"version-history":[{"count":4,"href":"https:\/\/albeautour.asso.st\/index.php\/wp-json\/wp\/v2\/posts\/558\/revisions"}],"predecessor-version":[{"id":564,"href":"https:\/\/albeautour.asso.st\/index.php\/wp-json\/wp\/v2\/posts\/558\/revisions\/564"}],"wp:attachment":[{"href":"https:\/\/albeautour.asso.st\/index.php\/wp-json\/wp\/v2\/media?parent=558"}],"wp:term":[{"taxonomy":"category","embeddable":true,"href":"https:\/\/albeautour.asso.st\/index.php\/wp-json\/wp\/v2\/categories?post=558"},{"taxonomy":"post_tag","embeddable":true,"href":"https:\/\/albeautour.asso.st\/index.php\/wp-json\/wp\/v2\/tags?post=558"}],"curies":[{"name":"wp","href":"https:\/\/api.w.org\/{rel}","templated":true}]}}