{"id":499,"date":"2018-11-19T22:35:26","date_gmt":"2018-11-19T21:35:26","guid":{"rendered":"http:\/\/albeautour.asso.st\/?p=499"},"modified":"2018-11-26T11:21:37","modified_gmt":"2018-11-26T10:21:37","slug":"38eme-diner-dansant","status":"publish","type":"post","link":"https:\/\/albeautour.asso.st\/index.php\/2018\/11\/19\/38eme-diner-dansant\/","title":{"rendered":"D\u00eener dansant : 2 f\u00e9vrier 2019"},"content":{"rendered":"<p style=\"text-align: center;\">Notre 38\u00e8me d\u00eener dansant aura lieu le <span style=\"color: #ff0000;\"><strong>samedi 2 f\u00e9vrier 2019<\/strong><\/span>, \u00e0 la salle S\u00e8vre et Maine de Vertou, accueil \u00e0 partir de 19h00.<\/p>\n<p style=\"text-align: center;\">Vous pourrez vous r\u00e9galer gr\u00e2ce \u00e0 <span style=\"color: #993366;\">Jamin traiteur<\/span>, qui vous propose le menu suivant :<\/p>\n<p style=\"text-align: center;\"><span style=\"color: #993366;\">Soupe angevine<\/span><br \/>\n<span style=\"color: #993366;\">Croustade de fruits de mer \u00e0 la nantaise et son coulis de crustac\u00e9s<\/span><br \/>\n<span style=\"color: #993366;\">Fondant de volaille farcie et sa sauce foie gras<\/span><br \/>\n<span style=\"color: #993366;\">Assiette de fromages<\/span><br \/>\n<span style=\"color: #993366;\">Mousse au caramel cheese-cake et son coulis de chocolat<\/span><br \/>\n<span style=\"color: #993366;\">Caf\u00e9<\/span><br \/>\n<em><span style=\"color: #993366;\">Inclus : une bouteille de vin pour 6 personnes<\/span><br \/>\n<\/em>***<\/p>\n<p style=\"text-align: center;\"><a style=\"text-align: center;\" href=\"http:\/\/albeautour.asso.st\/wp-content\/uploads\/2017\/11\/Mister-swing.jpg\"><img loading=\"lazy\" decoding=\"async\" class=\"size-medium wp-image-418 aligncenter\" src=\"http:\/\/albeautour.asso.st\/wp-content\/uploads\/2017\/11\/Mister-swing-273x300.jpg\" alt=\"\" width=\"273\" height=\"300\" srcset=\"https:\/\/albeautour.asso.st\/wp-content\/uploads\/2017\/11\/Mister-swing-273x300.jpg 273w, https:\/\/albeautour.asso.st\/wp-content\/uploads\/2017\/11\/Mister-swing-600x659.jpg 600w, https:\/\/albeautour.asso.st\/wp-content\/uploads\/2017\/11\/Mister-swing.jpg 670w\" sizes=\"auto, (max-width: 273px) 100vw, 273px\" \/><\/a><\/p>\n<p style=\"text-align: center;\"><a href=\"http:\/\/mrswing-production.com\/\" target=\"_blank\" rel=\"noopener\">Mister Swing Orchestra<\/a> animera cette soir\u00e9e festive.<\/p>\n<blockquote>\n<p style=\"text-align: center;\"><span style=\"color: #ff6600;\"><a style=\"color: #ff6600;\" href=\"https:\/\/www.billetweb.fr\/diner-dansant-alb-2019?fbclid=IwAR3G6R293nhuAVyQejsU-oFwJ1c9XAqjDV2OHVKdb6M5be0GzFuYbizCSQ4\" target=\"_blank\" rel=\"noopener\"><strong>NOUVEAUTE 2019<\/strong><\/a> :<\/span> R\u00e9servez directement votre soir\u00e9e sur <a href=\"https:\/\/www.billetweb.fr\/diner-dansant-alb-2019?fbclid=IwAR3G6R293nhuAVyQejsU-oFwJ1c9XAqjDV2OHVKdb6M5be0GzFuYbizCSQ4\" target=\"_blank\" rel=\"noopener\">Billetweb<\/a><\/p>\n<p style=\"text-align: center;\">(paiement s\u00e9curis\u00e9 par carte bancaire)<\/p>\n<\/blockquote>\n<p style=\"text-align: center;\">Pour vous inscrire : directement sur <a href=\"https:\/\/www.billetweb.fr\/diner-dansant-alb-2019?fbclid=IwAR3G6R293nhuAVyQejsU-oFwJ1c9XAqjDV2OHVKdb6M5be0GzFuYbizCSQ4\" target=\"_blank\" rel=\"noopener\">Billetweb<\/a> ; sinon, t\u00e9l\u00e9chargez et imprimez le <a href=\"http:\/\/albeautour.asso.st\/wp-content\/uploads\/2018\/11\/Bulletin-d\u2019inscription-38\u00e8me-D\u00eener-dansant.pdf\">bulletin d\u2019inscription<\/a>, toutes les informations n\u00e9cessaires y sont pr\u00e9cis\u00e9es.<a href=\"http:\/\/albeautour.asso.st\/wp-content\/uploads\/2017\/11\/Bulletin-d\u2019inscription.pdf\" rel=\"\"><br \/>\n<\/a>Et voici notre affichette que vous pouvez t\u00e9l\u00e9charger et faire suivre \u00e0 tous vos amis : <a href=\"http:\/\/albeautour.asso.st\/wp-content\/uploads\/2018\/11\/Flyer-DD-2019.pdf\">d\u00eener dansant 2019<\/a><\/p>\n<p>&nbsp;<\/p>\n<p style=\"text-align: center;\"><span style=\"color: #333333; font-size: 16px;\">Pour nous contacter : albeautour@yahoo.fr<\/span><\/p>\n","protected":false},"excerpt":{"rendered":"<p>Notre 38\u00e8me d\u00eener dansant aura lieu le samedi 2 f\u00e9vrier 2019, \u00e0 la salle S\u00e8vre et Maine de Vertou, accueil \u00e0 partir de 19h00. Vous pourrez vous r\u00e9galer gr\u00e2ce \u00e0 Jamin traiteur, qui vous propose le menu suivant : Soupe&#8230; <a class=\"more-link\" href=\"https:\/\/albeautour.asso.st\/index.php\/2018\/11\/19\/38eme-diner-dansant\/\">Continue Reading &rarr;<\/a><\/p>\n","protected":false},"author":1,"featured_media":500,"comment_status":"open","ping_status":"open","sticky":false,"template":"","format":"standard","meta":{"footnotes":""},"categories":[5],"tags":[],"class_list":["post-499","post","type-post","status-publish","format-standard","has-post-thumbnail","hentry","category-soiree-dansante"],"_links":{"self":[{"href":"https:\/\/albeautour.asso.st\/index.php\/wp-json\/wp\/v2\/posts\/499","targetHints":{"allow":["GET"]}}],"collection":[{"href":"https:\/\/albeautour.asso.st\/index.php\/wp-json\/wp\/v2\/posts"}],"about":[{"href":"https:\/\/albeautour.asso.st\/index.php\/wp-json\/wp\/v2\/types\/post"}],"author":[{"embeddable":true,"href":"https:\/\/albeautour.asso.st\/index.php\/wp-json\/wp\/v2\/users\/1"}],"replies":[{"embeddable":true,"href":"https:\/\/albeautour.asso.st\/index.php\/wp-json\/wp\/v2\/comments?post=499"}],"version-history":[{"count":17,"href":"https:\/\/albeautour.asso.st\/index.php\/wp-json\/wp\/v2\/posts\/499\/revisions"}],"predecessor-version":[{"id":505,"href":"https:\/\/albeautour.asso.st\/index.php\/wp-json\/wp\/v2\/posts\/499\/revisions\/505"}],"wp:featuredmedia":[{"embeddable":true,"href":"https:\/\/albeautour.asso.st\/index.php\/wp-json\/wp\/v2\/media\/500"}],"wp:attachment":[{"href":"https:\/\/albeautour.asso.st\/index.php\/wp-json\/wp\/v2\/media?parent=499"}],"wp:term":[{"taxonomy":"category","embeddable":true,"href":"https:\/\/albeautour.asso.st\/index.php\/wp-json\/wp\/v2\/categories?post=499"},{"taxonomy":"post_tag","embeddable":true,"href":"https:\/\/albeautour.asso.st\/index.php\/wp-json\/wp\/v2\/tags?post=499"}],"curies":[{"name":"wp","href":"https:\/\/api.w.org\/{rel}","templated":true}]}}