{"id":1279,"date":"2025-11-07T23:29:14","date_gmt":"2025-11-07T22:29:14","guid":{"rendered":"https:\/\/albeautour.asso.st\/?p=1279"},"modified":"2025-11-07T23:33:07","modified_gmt":"2025-11-07T22:33:07","slug":"marche-de-noel-beautour-2025","status":"publish","type":"post","link":"https:\/\/albeautour.asso.st\/index.php\/2025\/11\/07\/marche-de-noel-beautour-2025\/","title":{"rendered":"March\u00e9 de No\u00ebl Beautour 2025"},"content":{"rendered":"\n<h3 class=\"wp-block-heading\">\ud83c\udf84 March\u00e9 de No\u00ebl \u2013 dimanche 30 novembre 2025 \ud83c\udf84<\/h3>\n\n\n\n<h3 class=\"wp-block-heading\">Espace Beautour \u2013 Vertou<\/h3>\n\n\n\n<p>L\u2019Amicale La\u00efque de Beautour vous invite \u00e0 partager <strong>une journ\u00e9e conviviale et chaleureuse<\/strong> \u00e0 l\u2019occasion de son <strong>March\u00e9 de No\u00ebl<\/strong>.<br>Ambiance festive garantie pour petits et grands ! \ud83c\udf85\u2728<\/p>\n\n\n\n<hr class=\"wp-block-separator has-alpha-channel-opacity\"\/>\n\n\n\n<h3 class=\"wp-block-heading\">Les temps forts de la journ\u00e9e<\/h3>\n\n\n\n<ul class=\"wp-block-list\">\n<li><strong>Visite du P\u00e8re No\u00ebl<\/strong> \u00e0 11 h et \u00e0 15 h<\/li>\n\n\n\n<li><strong>Fanfare de l\u2019\u00c9cole de Musique de Vertou<\/strong> \u00e0 11 h 30<\/li>\n<\/ul>\n\n\n\n<p>Et pour les gourmands, la Beaut\u2019mobile de Beautour Village sera de retour, avec ses d\u00e9licieux parfums de bl\u00e9 noir, de beurre fondu et de cochon grill\u00e9 !<\/p>\n\n\n\n<hr class=\"wp-block-separator has-alpha-channel-opacity\"\/>\n\n\n\n<h3 class=\"wp-block-heading\">Au programme<\/h3>\n\n\n\n<ul class=\"wp-block-list\">\n<li>Stands de cr\u00e9ateurs et d\u2019artisans locaux : id\u00e9es cadeaux, gourmandises, d\u00e9corations, illustrations\u2026<br>De nouveaux exposants seront \u00e0 d\u00e9couvrir cette ann\u00e9e.<\/li>\n\n\n\n<li>Vente des cr\u00e9ations r\u00e9alis\u00e9es par les enfants et les \u00e9quipes enseignantes des \u00e9coles maternelle et \u00e9l\u00e9mentaire Henri Lesage<\/li>\n\n\n\n<li>Food truck \u201cLa Fou\u00e9e\u201d<\/li>\n\n\n\n<li>Stands gourmands : vin chaud, cr\u00eapes, g\u00e2teaux<\/li>\n\n\n\n<li>Ateliers cr\u00e9atifs pour les enfants<\/li>\n\n\n\n<li>Balades en cal\u00e8che de No\u00ebl<\/li>\n\n\n\n<li>Bo\u00eete aux lettres du P\u00e8re No\u00ebl<\/li>\n<\/ul>\n\n\n\n<hr class=\"wp-block-separator has-alpha-channel-opacity\"\/>\n\n\n\n<h3 class=\"wp-block-heading\">Informations pratiques<\/h3>\n\n\n\n<p><strong>\ud83d\udccd Lieu<\/strong> : Espace Beautour \u2013 Place de la Poste (route de la Fontenelle) \u2013 Vertou<br><strong>\ud83d\udcc5 Date<\/strong> : Dimanche 30 novembre 2025<br><strong>\ud83d\udc65 Organisation<\/strong> : Amicale La\u00efque de Beautour<\/p>\n\n\n\n<hr class=\"wp-block-separator has-alpha-channel-opacity\"\/>\n\n\n\n<h3 class=\"wp-block-heading\">Exposants pr\u00e9sents<\/h3>\n\n\n\n<p><a href=\"https:\/\/www.instagram.com\/antoninanovarese\/\" data-type=\"link\" data-id=\"https:\/\/www.instagram.com\/antoninanovarese\/\" target=\"_blank\" rel=\"noreferrer noopener\">Antonina Novarese<\/a><br><a href=\"https:\/\/www.instagram.com\/atelier.213\/\" target=\"_blank\" rel=\"noreferrer noopener\">ATELIER 213<\/a><br><a href=\"https:\/\/www.instagram.com\/beautour_creation\" target=\"_blank\" rel=\"noreferrer noopener\">Beautour Cr\u00e9ation<\/a><br>Boncler<br><a href=\"https:\/\/www.instagram.com\/bouchon.bobinette\/\" data-type=\"link\" data-id=\"https:\/\/www.instagram.com\/bouchon.bobinette\/\" target=\"_blank\" rel=\"noreferrer noopener\">Bouchon &amp; Bobinette<\/a><br><a href=\"https:\/\/www.instagram.com\/_floresence_\/\" target=\"_blank\" rel=\"noreferrer noopener\">FloreSence<\/a><br><a href=\"https:\/\/www.instagram.com\/gallon_ceramique\/\" target=\"_blank\" rel=\"noreferrer noopener\">Gallonc\u00e9ramique<\/a><br><a href=\"https:\/\/www.instagram.com\/johanna.moulin.photographie\/\" target=\"_blank\" rel=\"noreferrer noopener\">Johanna Moulin Photographie<\/a><br><a href=\"https:\/\/www.facebook.com\/KlyCuir\/\" target=\"_blank\" rel=\"noreferrer noopener\">KlyCuir<\/a><br><a href=\"https:\/\/www.labrevinoise.fr\/\" target=\"_blank\" rel=\"noreferrer noopener\">La Br\u00e9vinoise Jeux<\/a><br><a href=\"https:\/\/www.instagram.com\/savonnerie_lafabrikdelo\/\" target=\"_blank\" rel=\"noreferrer noopener\">La Fabrik d\u2019\u00c9lo<\/a><br><a href=\"https:\/\/www.facebook.com\/p\/Le-Petit-N-61553849160123\/\" target=\"_blank\" rel=\"noreferrer noopener\">Le Petit N<\/a><br><a href=\"https:\/\/www.instagram.com\/lespapasbrasseurs\/\" target=\"_blank\" rel=\"noreferrer noopener\">Les Papas Brasseurs<\/a><br><a href=\"https:\/\/www.instagram.com\/lus_candle_\/\" target=\"_blank\" rel=\"noreferrer noopener\">Lu\u2019s Candle<\/a><br><a href=\"https:\/\/www.instagram.com\/maisonmille.officiel\/\" target=\"_blank\" rel=\"noreferrer noopener\">Maison Mille<\/a><br><a href=\"https:\/\/olivier-cacao.fr\/\" target=\"_blank\" rel=\"noreferrer noopener\">Olivier cacao<\/a><br><a href=\"https:\/\/www.instagram.com\/timetlenacouture\/\" target=\"_blank\" rel=\"noreferrer noopener\">Tim &amp; L\u00e9na<\/a><br><a href=\"https:\/\/www.facebook.com\/profile.php?id=100063474813951\" target=\"_blank\" rel=\"noreferrer noopener\">Tout Simplement &#8211; Peaux de Fleurs<\/a><\/p>\n","protected":false},"excerpt":{"rendered":"<p>\ud83c\udf84 March\u00e9 de No\u00ebl \u2013 dimanche 30 novembre 2025 \ud83c\udf84 Espace Beautour \u2013 Vertou L\u2019Amicale La\u00efque de Beautour vous invite \u00e0 partager une journ\u00e9e conviviale et chaleureuse \u00e0 l\u2019occasion de son March\u00e9 de No\u00ebl.Ambiance festive garantie pour petits et grands&#8230; <a class=\"more-link\" href=\"https:\/\/albeautour.asso.st\/index.php\/2025\/11\/07\/marche-de-noel-beautour-2025\/\">Continue Reading &rarr;<\/a><\/p>\n","protected":false},"author":1,"featured_media":1282,"comment_status":"open","ping_status":"open","sticky":false,"template":"","format":"standard","meta":{"footnotes":""},"categories":[31],"tags":[24],"class_list":["post-1279","post","type-post","status-publish","format-standard","has-post-thumbnail","hentry","category-marche-de-noel","tag-marche-de-noel"],"_links":{"self":[{"href":"https:\/\/albeautour.asso.st\/index.php\/wp-json\/wp\/v2\/posts\/1279","targetHints":{"allow":["GET"]}}],"collection":[{"href":"https:\/\/albeautour.asso.st\/index.php\/wp-json\/wp\/v2\/posts"}],"about":[{"href":"https:\/\/albeautour.asso.st\/index.php\/wp-json\/wp\/v2\/types\/post"}],"author":[{"embeddable":true,"href":"https:\/\/albeautour.asso.st\/index.php\/wp-json\/wp\/v2\/users\/1"}],"replies":[{"embeddable":true,"href":"https:\/\/albeautour.asso.st\/index.php\/wp-json\/wp\/v2\/comments?post=1279"}],"version-history":[{"count":3,"href":"https:\/\/albeautour.asso.st\/index.php\/wp-json\/wp\/v2\/posts\/1279\/revisions"}],"predecessor-version":[{"id":1285,"href":"https:\/\/albeautour.asso.st\/index.php\/wp-json\/wp\/v2\/posts\/1279\/revisions\/1285"}],"wp:featuredmedia":[{"embeddable":true,"href":"https:\/\/albeautour.asso.st\/index.php\/wp-json\/wp\/v2\/media\/1282"}],"wp:attachment":[{"href":"https:\/\/albeautour.asso.st\/index.php\/wp-json\/wp\/v2\/media?parent=1279"}],"wp:term":[{"taxonomy":"category","embeddable":true,"href":"https:\/\/albeautour.asso.st\/index.php\/wp-json\/wp\/v2\/categories?post=1279"},{"taxonomy":"post_tag","embeddable":true,"href":"https:\/\/albeautour.asso.st\/index.php\/wp-json\/wp\/v2\/tags?post=1279"}],"curies":[{"name":"wp","href":"https:\/\/api.w.org\/{rel}","templated":true}]}}