{"id":1205,"date":"2025-04-28T12:30:02","date_gmt":"2025-04-28T11:30:02","guid":{"rendered":"https:\/\/albeautour.asso.st\/?p=1205"},"modified":"2025-10-15T21:41:46","modified_gmt":"2025-10-15T20:41:46","slug":"fete-des-ecoles-28-juin-2025","status":"publish","type":"post","link":"https:\/\/albeautour.asso.st\/index.php\/2025\/04\/28\/fete-des-ecoles-28-juin-2025\/","title":{"rendered":"F\u00eate des \u00e9coles &#8211; 28 juin 2025"},"content":{"rendered":"\n<p>La prochaine f\u00eate des \u00e9coles arrive le samedi 28 juin 2025 \u00e0 l&rsquo;\u00e9cole Henri Lesage ! \ud83c\udf89<\/p>\n\n\n\n<p><img loading=\"lazy\" decoding=\"async\" height=\"16\" width=\"16\" src=\"https:\/\/static.xx.fbcdn.net\/images\/emoji.php\/v9\/tb\/1\/16\/1f388.png\" alt=\"\ud83c\udf88\"> 11h : Spectacle des maternelles<br><img loading=\"lazy\" decoding=\"async\" height=\"16\" width=\"16\" src=\"https:\/\/static.xx.fbcdn.net\/images\/emoji.php\/v9\/tb\/1\/16\/1f388.png\" alt=\"\ud83c\udf88\"> 14h : Spectacle des \u00e9l\u00e9mentaires<\/p>\n\n\n\n<p><strong>Ouverture des stands maternelles et \u00e9l\u00e9mentaires d\u00e8s 12h00<\/strong> : de quoi passer tout l\u2019apr\u00e8s-midi \u00e0 s\u2019amuser et se r\u00e9galer !<\/p>\n\n\n\n<p>Au programme :<\/p>\n\n\n\n<p>\ud83d\udcf8 Un <strong>photobooth<\/strong> pour des souvenirs amusants<br>\ud83e\udd5e Des <strong>cr\u00eapes<\/strong>, des <strong>glaces<\/strong>, une <strong>buvette<\/strong>, et de la <strong>restauration<\/strong> sur place<br>\ud83c\udf81 Une <strong>tombola<\/strong> pleine de surprises<br>\ud83c\udfa0 Des <strong>ch\u00e2teaux gonflables<\/strong>, <strong>maquillage<\/strong>, <strong>chamboule-tout<\/strong> et de nombreux stands, jeux et animations pour le plaisir des petits et des grands.<\/p>\n\n\n\n<p>Venez nombreux pour c\u00e9l\u00e9brer cette journ\u00e9e avec les enfants, les enseignants et toute la communaut\u00e9 dans une ambiance chaleureuse et familiale ! \ud83c\udf88<\/p>\n\n\n\n<p>Organis\u00e9e par l&rsquo;\u00e9quipe de l&rsquo;Amicale la\u00efque de Beautour<\/p>\n","protected":false},"excerpt":{"rendered":"<p>La prochaine f\u00eate des \u00e9coles arrive le samedi 28 juin 2025 \u00e0 l&rsquo;\u00e9cole Henri Lesage ! \ud83c\udf89 11h : Spectacle des maternelles 14h : Spectacle des \u00e9l\u00e9mentaires Ouverture des stands maternelles et \u00e9l\u00e9mentaires d\u00e8s 12h00 : de quoi passer tout&#8230; <a class=\"more-link\" href=\"https:\/\/albeautour.asso.st\/index.php\/2025\/04\/28\/fete-des-ecoles-28-juin-2025\/\">Continue Reading &rarr;<\/a><\/p>\n","protected":false},"author":1,"featured_media":1206,"comment_status":"open","ping_status":"open","sticky":false,"template":"","format":"standard","meta":{"footnotes":""},"categories":[1,6],"tags":[],"class_list":["post-1205","post","type-post","status-publish","format-standard","has-post-thumbnail","hentry","category-blog","category-fete-de-lecole"],"_links":{"self":[{"href":"https:\/\/albeautour.asso.st\/index.php\/wp-json\/wp\/v2\/posts\/1205","targetHints":{"allow":["GET"]}}],"collection":[{"href":"https:\/\/albeautour.asso.st\/index.php\/wp-json\/wp\/v2\/posts"}],"about":[{"href":"https:\/\/albeautour.asso.st\/index.php\/wp-json\/wp\/v2\/types\/post"}],"author":[{"embeddable":true,"href":"https:\/\/albeautour.asso.st\/index.php\/wp-json\/wp\/v2\/users\/1"}],"replies":[{"embeddable":true,"href":"https:\/\/albeautour.asso.st\/index.php\/wp-json\/wp\/v2\/comments?post=1205"}],"version-history":[{"count":5,"href":"https:\/\/albeautour.asso.st\/index.php\/wp-json\/wp\/v2\/posts\/1205\/revisions"}],"predecessor-version":[{"id":1213,"href":"https:\/\/albeautour.asso.st\/index.php\/wp-json\/wp\/v2\/posts\/1205\/revisions\/1213"}],"wp:featuredmedia":[{"embeddable":true,"href":"https:\/\/albeautour.asso.st\/index.php\/wp-json\/wp\/v2\/media\/1206"}],"wp:attachment":[{"href":"https:\/\/albeautour.asso.st\/index.php\/wp-json\/wp\/v2\/media?parent=1205"}],"wp:term":[{"taxonomy":"category","embeddable":true,"href":"https:\/\/albeautour.asso.st\/index.php\/wp-json\/wp\/v2\/categories?post=1205"},{"taxonomy":"post_tag","embeddable":true,"href":"https:\/\/albeautour.asso.st\/index.php\/wp-json\/wp\/v2\/tags?post=1205"}],"curies":[{"name":"wp","href":"https:\/\/api.w.org\/{rel}","templated":true}]}}