{"id":1164,"date":"2024-11-17T11:33:44","date_gmt":"2024-11-17T10:33:44","guid":{"rendered":"https:\/\/albeautour.asso.st\/?p=1164"},"modified":"2025-10-15T21:41:54","modified_gmt":"2025-10-15T20:41:54","slug":"marche-de-noel-beautour-2024","status":"publish","type":"post","link":"https:\/\/albeautour.asso.st\/index.php\/2024\/11\/17\/marche-de-noel-beautour-2024\/","title":{"rendered":"March\u00e9 de No\u00ebl Beautour 2024"},"content":{"rendered":"\n<p>Notre traditionnel march\u00e9 de No\u00ebl est de retour <img loading=\"lazy\" decoding=\"async\" height=\"16\" width=\"16\" alt=\"\ud83e\udd17\" src=\"https:\/\/static.xx.fbcdn.net\/images\/emoji.php\/v9\/tb7\/1\/16\/1f917.png\"><img loading=\"lazy\" decoding=\"async\" height=\"16\" width=\"16\" alt=\"\ud83e\udd17\" src=\"https:\/\/static.xx.fbcdn.net\/images\/emoji.php\/v9\/tb7\/1\/16\/1f917.png\"><\/p>\n\n\n\n<p><strong><img loading=\"lazy\" decoding=\"async\" height=\"16\" width=\"16\" src=\"https:\/\/static.xx.fbcdn.net\/images\/emoji.php\/v9\/t51\/1\/16\/1f449.png\" alt=\"\ud83d\udc49\"> Dimanche 24 novembre 2024 de 10h \u00e0 18h.<\/strong><\/p>\n\n\n\n<p>Un programme au top pour \u00e9merveiller petits et grands <img loading=\"lazy\" decoding=\"async\" height=\"16\" width=\"16\" alt=\"\ud83e\udd29\" src=\"https:\/\/static.xx.fbcdn.net\/images\/emoji.php\/v9\/t58\/1\/16\/1f929.png\"><\/p>\n\n\n\n<p><a><\/a><img loading=\"lazy\" decoding=\"async\" height=\"16\" width=\"16\" alt=\"\ud83c\udf84\" src=\"https:\/\/static.xx.fbcdn.net\/images\/emoji.php\/v9\/t7\/1\/16\/1f384.png\">Stands de cr\u00e9ateurs et artisans locaux (cadeaux, gourmandises, z\u00e9ro d\u00e9chet, illustrations, etc.) avec de nouveaux exposants \u00e0 d\u00e9couvrir !<\/p>\n\n\n\n<p><img loading=\"lazy\" decoding=\"async\" height=\"16\" width=\"16\" alt=\"\ud83c\udf84\" src=\"https:\/\/static.xx.fbcdn.net\/images\/emoji.php\/v9\/t7\/1\/16\/1f384.png\">Vente des cr\u00e9ations r\u00e9alis\u00e9es par les enfants et les \u00e9quipes enseignantes des \u00e9coles maternelles et \u00e9l\u00e9mentaires Henri Lesage<\/p>\n\n\n\n<p><img loading=\"lazy\" decoding=\"async\" height=\"16\" width=\"16\" alt=\"\ud83c\udf84\" src=\"https:\/\/static.xx.fbcdn.net\/images\/emoji.php\/v9\/t7\/1\/16\/1f384.png\">Food truck le Milie&rsquo;s burger<\/p>\n\n\n\n<p><img loading=\"lazy\" decoding=\"async\" height=\"16\" width=\"16\" alt=\"\ud83c\udf84\" src=\"https:\/\/static.xx.fbcdn.net\/images\/emoji.php\/v9\/t7\/1\/16\/1f384.png\">Stands de vin chaud, cr\u00eapes, g\u00e2teaux<\/p>\n\n\n\n<p><img loading=\"lazy\" decoding=\"async\" height=\"16\" width=\"16\" alt=\"\ud83c\udf84\" src=\"https:\/\/static.xx.fbcdn.net\/images\/emoji.php\/v9\/t7\/1\/16\/1f384.png\">Ateliers cr\u00e9atifs pour les enfants<\/p>\n\n\n\n<p><img loading=\"lazy\" decoding=\"async\" height=\"16\" width=\"16\" alt=\"\ud83c\udf84\" src=\"https:\/\/static.xx.fbcdn.net\/images\/emoji.php\/v9\/t7\/1\/16\/1f384.png\">Tours en cal\u00e8che de No\u00ebl<\/p>\n\n\n\n<p><img loading=\"lazy\" decoding=\"async\" height=\"16\" width=\"16\" alt=\"\ud83c\udf84\" src=\"https:\/\/static.xx.fbcdn.net\/images\/emoji.php\/v9\/t7\/1\/16\/1f384.png\">Bo\u00eete aux lettres du P\u00e8re No\u00ebl<\/p>\n\n\n\n<p>Ne manquez pas les RDV incontournables de la journ\u00e9e <img loading=\"lazy\" decoding=\"async\" height=\"16\" width=\"16\" alt=\"\ud83e\udd17\" src=\"https:\/\/static.xx.fbcdn.net\/images\/emoji.php\/v9\/tb7\/1\/16\/1f917.png\"><\/p>\n\n\n\n<p><img loading=\"lazy\" decoding=\"async\" height=\"16\" width=\"16\" alt=\"\u2b50\ufe0f\" src=\"https:\/\/static.xx.fbcdn.net\/images\/emoji.php\/v9\/tb4\/1\/16\/2b50.png\"> Visite du P\u00e8re No\u00ebl \u00e0 11h et 15h<\/p>\n\n\n\n<p><img loading=\"lazy\" decoding=\"async\" height=\"16\" width=\"16\" alt=\"\u2b50\ufe0f\" src=\"https:\/\/static.xx.fbcdn.net\/images\/emoji.php\/v9\/tb4\/1\/16\/2b50.png\"> Chorale @Les Chants de Coton &#8211; Ch\u0153ur Gospel Nantes \u00e0 16h <img loading=\"lazy\" decoding=\"async\" height=\"16\" width=\"16\" alt=\"\ud83d\udc93\" src=\"https:\/\/static.xx.fbcdn.net\/images\/emoji.php\/v9\/t66\/1\/16\/1f493.png\"> Du swing &amp; des \u00e9motions au rythme du Gospel<\/p>\n\n\n\n<p>Nous aurons le plaisir d\u2019accueillir la Beaut\u2019mobile de <a href=\"https:\/\/www.facebook.com\/beautourvillage?__cft__[0]=AZV7Lrer-gDV_FksAA_csVFUKEuDjbycesJGkLBM5wLclnerQ0atdndo2kEjSTQ7OsxdWX-ZkJQnyV8RhCM1Xgb7JzADQnVmP-BO_oEgHPO4XW7X_hu--dZVT4d8TbhvfnVcFgO3ozybFjXGgsvpZrxWlvd0Gx-vpQxaKIZ319qnHAuRnfUlyZdCGDjvJM9SBw4l_OeMAMQItfFvMPEnl2Z-&amp;__tn__=-]K-R\">Beautour village<\/a> qui fera office de stand original cette ann\u00e9e. Voici des indices <img loading=\"lazy\" decoding=\"async\" height=\"16\" width=\"16\" alt=\"\ud83d\udc49\" src=\"https:\/\/static.xx.fbcdn.net\/images\/emoji.php\/v9\/t51\/1\/16\/1f449.png\"><img loading=\"lazy\" decoding=\"async\" height=\"16\" width=\"16\" alt=\"\ud83e\uddaa\" src=\"https:\/\/static.xx.fbcdn.net\/images\/emoji.php\/v9\/tb1\/1\/16\/1f9aa.png\"><img loading=\"lazy\" decoding=\"async\" height=\"16\" width=\"16\" alt=\"\ud83e\udd42\" src=\"https:\/\/static.xx.fbcdn.net\/images\/emoji.php\/v9\/tf\/1\/16\/1f942.png\"><img loading=\"lazy\" decoding=\"async\" height=\"16\" width=\"16\" alt=\"\ud83d\ude0b\" src=\"https:\/\/static.xx.fbcdn.net\/images\/emoji.php\/v9\/t0\/1\/16\/1f60b.png\"><\/p>\n\n\n\n<p><img loading=\"lazy\" decoding=\"async\" height=\"16\" width=\"16\" alt=\"\ud83d\udccd\" src=\"https:\/\/static.xx.fbcdn.net\/images\/emoji.php\/v9\/t2d\/1\/16\/1f4cd.png\">Espace Beautour &#8211; Vertou Beautour<\/p>\n\n\n\n<p>Place de la Poste (au milieu de la route de la Fontenelle) \u00e0 Vertou<\/p>\n\n\n\n<p>Un \u00e9v\u00e8nement convivial et festif organis\u00e9 par l\u2019\u00e9quipe des b\u00e9n\u00e9voles \u00ab\u00a0Amicale La\u00efque de Beautour\u00a0\u00bb<\/p>\n\n\n<div class=\"wp-block-image\">\n<figure class=\"aligncenter size-full is-resized\"><a href=\"https:\/\/albeautour.asso.st\/wp-content\/uploads\/2024\/11\/marche-de-noel2024.jpg\"><img loading=\"lazy\" decoding=\"async\" width=\"625\" height=\"394\" src=\"https:\/\/albeautour.asso.st\/wp-content\/uploads\/2024\/11\/marche-de-noel2024.jpg\" alt=\"\" class=\"wp-image-1166\" style=\"width:623px;height:auto\" srcset=\"https:\/\/albeautour.asso.st\/wp-content\/uploads\/2024\/11\/marche-de-noel2024.jpg 625w, https:\/\/albeautour.asso.st\/wp-content\/uploads\/2024\/11\/marche-de-noel2024-300x189.jpg 300w, https:\/\/albeautour.asso.st\/wp-content\/uploads\/2024\/11\/marche-de-noel2024-600x378.jpg 600w\" sizes=\"auto, (max-width: 625px) 100vw, 625px\" \/><\/a><\/figure>\n<\/div>","protected":false},"excerpt":{"rendered":"<p>Notre traditionnel march\u00e9 de No\u00ebl est de retour Dimanche 24 novembre 2024 de 10h \u00e0 18h. Un programme au top pour \u00e9merveiller petits et grands Stands de cr\u00e9ateurs et artisans locaux (cadeaux, gourmandises, z\u00e9ro d\u00e9chet, illustrations, etc.) avec de nouveaux&#8230; <a class=\"more-link\" href=\"https:\/\/albeautour.asso.st\/index.php\/2024\/11\/17\/marche-de-noel-beautour-2024\/\">Continue Reading &rarr;<\/a><\/p>\n","protected":false},"author":1,"featured_media":1170,"comment_status":"open","ping_status":"open","sticky":false,"template":"","format":"standard","meta":{"footnotes":""},"categories":[1,31],"tags":[],"class_list":["post-1164","post","type-post","status-publish","format-standard","has-post-thumbnail","hentry","category-blog","category-marche-de-noel"],"_links":{"self":[{"href":"https:\/\/albeautour.asso.st\/index.php\/wp-json\/wp\/v2\/posts\/1164","targetHints":{"allow":["GET"]}}],"collection":[{"href":"https:\/\/albeautour.asso.st\/index.php\/wp-json\/wp\/v2\/posts"}],"about":[{"href":"https:\/\/albeautour.asso.st\/index.php\/wp-json\/wp\/v2\/types\/post"}],"author":[{"embeddable":true,"href":"https:\/\/albeautour.asso.st\/index.php\/wp-json\/wp\/v2\/users\/1"}],"replies":[{"embeddable":true,"href":"https:\/\/albeautour.asso.st\/index.php\/wp-json\/wp\/v2\/comments?post=1164"}],"version-history":[{"count":5,"href":"https:\/\/albeautour.asso.st\/index.php\/wp-json\/wp\/v2\/posts\/1164\/revisions"}],"predecessor-version":[{"id":1172,"href":"https:\/\/albeautour.asso.st\/index.php\/wp-json\/wp\/v2\/posts\/1164\/revisions\/1172"}],"wp:featuredmedia":[{"embeddable":true,"href":"https:\/\/albeautour.asso.st\/index.php\/wp-json\/wp\/v2\/media\/1170"}],"wp:attachment":[{"href":"https:\/\/albeautour.asso.st\/index.php\/wp-json\/wp\/v2\/media?parent=1164"}],"wp:term":[{"taxonomy":"category","embeddable":true,"href":"https:\/\/albeautour.asso.st\/index.php\/wp-json\/wp\/v2\/categories?post=1164"},{"taxonomy":"post_tag","embeddable":true,"href":"https:\/\/albeautour.asso.st\/index.php\/wp-json\/wp\/v2\/tags?post=1164"}],"curies":[{"name":"wp","href":"https:\/\/api.w.org\/{rel}","templated":true}]}}