{"id":1137,"date":"2024-06-05T16:10:17","date_gmt":"2024-06-05T15:10:17","guid":{"rendered":"https:\/\/albeautour.asso.st\/?p=1137"},"modified":"2024-06-05T16:13:37","modified_gmt":"2024-06-05T15:13:37","slug":"fete-des-ecoles-22-juin-2024","status":"publish","type":"post","link":"https:\/\/albeautour.asso.st\/index.php\/2024\/06\/05\/fete-des-ecoles-22-juin-2024\/","title":{"rendered":"F\u00eate des \u00e9coles &#8211; 22 juin 2024"},"content":{"rendered":"\n<p>La prochaine f\u00eate des \u00e9coles Henri Lesage aura lieu le Samedi 22 juin 2024 <img loading=\"lazy\" decoding=\"async\" height=\"16\" width=\"16\" alt=\"\u2600\ufe0f\" src=\"https:\/\/static.xx.fbcdn.net\/images\/emoji.php\/v9\/t6d\/1\/16\/2600.png\"><\/p>\n\n\n\n<p><img loading=\"lazy\" decoding=\"async\" height=\"16\" width=\"16\" alt=\"\ud83c\udf88\" src=\"https:\/\/static.xx.fbcdn.net\/images\/emoji.php\/v9\/tb\/1\/16\/1f388.png\"> 11h00 : Spectacle des maternelles<br><img loading=\"lazy\" decoding=\"async\" height=\"16\" width=\"16\" alt=\"\ud83c\udf88\" src=\"https:\/\/static.xx.fbcdn.net\/images\/emoji.php\/v9\/tb\/1\/16\/1f388.png\"> 14h00 : Spectacle des \u00e9l\u00e9mentaires<\/p>\n\n\n\n<p>Ouverture des stands \u00e9l\u00e9mentaires d\u00e8s 11h00 et des stands maternelles d\u00e8s 12h00<\/p>\n\n\n\n<p>Comme chaque ann\u00e9e, vous y trouverez un stand de restauration, glaces et g\u00e2teaux ainsi qu&rsquo;une buvette pour se d\u00e9salt\u00e9rer <img loading=\"lazy\" decoding=\"async\" height=\"16\" width=\"16\" src=\"https:\/\/static.xx.fbcdn.net\/images\/emoji.php\/v9\/t20\/1\/16\/1f61c.png\" alt=\"\ud83d\ude1c\"><br>Nombreux stands, jeux et animations pour le plaisir des enfants : ch\u00e2teaux gonflables, photobooth, maquillage, chamboule-tout, etc&#8230;<br>Et bien s\u00fbr le tirage de notre super tombola adulte et enfant. Allez-vous remporter le gros lot cette ann\u00e9e ?!? <img loading=\"lazy\" decoding=\"async\" height=\"16\" width=\"16\" src=\"https:\/\/static.xx.fbcdn.net\/images\/emoji.php\/v9\/td8\/1\/16\/1f39f.png\" alt=\"\ud83c\udf9f\"><img loading=\"lazy\" decoding=\"async\" height=\"16\" width=\"16\" src=\"https:\/\/static.xx.fbcdn.net\/images\/emoji.php\/v9\/te5\/1\/16\/1f91e.png\" alt=\"\ud83e\udd1e\"><\/p>\n\n\n\n<p>Organis\u00e9e par l&rsquo;\u00e9quipe de l&rsquo;Amicale la\u00efque de Beautour<\/p>\n","protected":false},"excerpt":{"rendered":"<p>La prochaine f\u00eate des \u00e9coles Henri Lesage aura lieu le Samedi 22 juin 2024 11h00 : Spectacle des maternelles 14h00 : Spectacle des \u00e9l\u00e9mentaires Ouverture des stands \u00e9l\u00e9mentaires d\u00e8s 11h00 et des stands maternelles d\u00e8s 12h00 Comme chaque ann\u00e9e, vous&#8230; <a class=\"more-link\" href=\"https:\/\/albeautour.asso.st\/index.php\/2024\/06\/05\/fete-des-ecoles-22-juin-2024\/\">Continue Reading &rarr;<\/a><\/p>\n","protected":false},"author":1,"featured_media":1138,"comment_status":"open","ping_status":"open","sticky":false,"template":"","format":"standard","meta":{"footnotes":""},"categories":[1],"tags":[],"class_list":["post-1137","post","type-post","status-publish","format-standard","has-post-thumbnail","hentry","category-blog"],"_links":{"self":[{"href":"https:\/\/albeautour.asso.st\/index.php\/wp-json\/wp\/v2\/posts\/1137","targetHints":{"allow":["GET"]}}],"collection":[{"href":"https:\/\/albeautour.asso.st\/index.php\/wp-json\/wp\/v2\/posts"}],"about":[{"href":"https:\/\/albeautour.asso.st\/index.php\/wp-json\/wp\/v2\/types\/post"}],"author":[{"embeddable":true,"href":"https:\/\/albeautour.asso.st\/index.php\/wp-json\/wp\/v2\/users\/1"}],"replies":[{"embeddable":true,"href":"https:\/\/albeautour.asso.st\/index.php\/wp-json\/wp\/v2\/comments?post=1137"}],"version-history":[{"count":3,"href":"https:\/\/albeautour.asso.st\/index.php\/wp-json\/wp\/v2\/posts\/1137\/revisions"}],"predecessor-version":[{"id":1204,"href":"https:\/\/albeautour.asso.st\/index.php\/wp-json\/wp\/v2\/posts\/1137\/revisions\/1204"}],"wp:featuredmedia":[{"embeddable":true,"href":"https:\/\/albeautour.asso.st\/index.php\/wp-json\/wp\/v2\/media\/1138"}],"wp:attachment":[{"href":"https:\/\/albeautour.asso.st\/index.php\/wp-json\/wp\/v2\/media?parent=1137"}],"wp:term":[{"taxonomy":"category","embeddable":true,"href":"https:\/\/albeautour.asso.st\/index.php\/wp-json\/wp\/v2\/categories?post=1137"},{"taxonomy":"post_tag","embeddable":true,"href":"https:\/\/albeautour.asso.st\/index.php\/wp-json\/wp\/v2\/tags?post=1137"}],"curies":[{"name":"wp","href":"https:\/\/api.w.org\/{rel}","templated":true}]}}