{"id":1095,"date":"2023-11-02T21:23:41","date_gmt":"2023-11-02T20:23:41","guid":{"rendered":"https:\/\/albeautour.asso.st\/?p=1095"},"modified":"2023-11-02T21:37:10","modified_gmt":"2023-11-02T20:37:10","slug":"marche-de-noel-de-beautour-2023","status":"publish","type":"post","link":"https:\/\/albeautour.asso.st\/index.php\/2023\/11\/02\/marche-de-noel-de-beautour-2023\/","title":{"rendered":"March\u00e9 de No\u00ebl de Beautour 2023"},"content":{"rendered":"\n<p>RDV le <strong>Dimanche 26 novembre de 10h \u00e0 18h<\/strong> pour notre d\u00e9sormais traditionnel March\u00e9 de No\u00ebl de Beautour \ud83d\ude03<\/p>\n\n\n\n<p>\u2b50\ufe0f Au programme :<\/p>\n\n\n\n<p>\u25c6 Stands de cr\u00e9ateurs et artisans locaux (cadeaux, gourmandises, d\u00e9co, etc.) avec de nouveaux exposants \u00e0 d\u00e9couvrir<br>\u25c6 Vente des cr\u00e9ations r\u00e9alis\u00e9es par les enfants et les \u00e9quipes enseignantes des \u00e9coles maternelles et \u00e9l\u00e9mentaires Henri Lesage<br>\u25c6 Food truck le Milie&rsquo;s burger<br>\u25c6 Stands de vin chaud, cr\u00eapes, g\u00e2teaux<br>\u25c6 Ateliers cr\u00e9atifs pour les enfants<br>\u25c6 Tours en cal\u00e8che de No\u00ebl<br>\u25c6 Visite du P\u00e8re No\u00ebl \u00e0 11h et 15h30<br>\u25c6 Bo\u00eete aux lettres du P\u00e8re No\u00ebl&nbsp;<\/p>\n\n\n\n<p>En avant-premi\u00e8re, on vous d\u00e9voile la liste de nos exposants 2023 \u2728&nbsp;<\/p>\n\n\n\n<p>adventures_of_tata_alex Ga\u00eblle Duval cr\u00e9ations James Lassey Illustrations Kly Cr\u00e9ation Boucles d&rsquo;oreille en cuir Olivier Cacao \/ Gall\u00e9e Chocolatier La fabrik d&rsquo;Elo La bo\u00eete \u00e0 M&rsquo;Alice Les Papas Brasseurs Les Coquettes de Manu FlorSence Lulu Biscotte Rhumerie Fontanel Sava&rsquo;n\u00eele Signorini Tartufi Nantes Tout Simplement Zarzimut D\u00e9co Cr\u00e9ations Little Britain Biscuits Jeanne &amp; Joseph AquarElle&amp;Vous&nbsp;<\/p>\n\n\n\n<p>Cet \u00e9v\u00e8nement convivial et festif est organis\u00e9 par les b\u00e9n\u00e9voles et parents d&rsquo;\u00e9l\u00e8ves de l&rsquo;association \u00ab\u00a0Amicale La\u00efque de Beautour\u00a0\u00bb.<\/p>\n\n\n\n<p>Pour ne rien manquer des actualit\u00e9s et \u00e9v\u00e8nements de notre association, abonnez vous \u00e0 notre page Facebook !<\/p>\n\n\n\n<p>\ud83c\udf84 O\u00f9 ?<br>Espace Beautour &#8211; Vertou Beautour<br>Place de la Poste (au milieu de la route de la Fontenelle) \u00e0 Vertou<\/p>\n","protected":false},"excerpt":{"rendered":"<p>RDV le Dimanche 26 novembre de 10h \u00e0 18h pour notre d\u00e9sormais traditionnel March\u00e9 de No\u00ebl de Beautour \ud83d\ude03 \u2b50\ufe0f Au programme : \u25c6 Stands de cr\u00e9ateurs et artisans locaux (cadeaux, gourmandises, d\u00e9co, etc.) avec de nouveaux exposants \u00e0 d\u00e9couvrir\u25c6&#8230; <a class=\"more-link\" href=\"https:\/\/albeautour.asso.st\/index.php\/2023\/11\/02\/marche-de-noel-de-beautour-2023\/\">Continue Reading &rarr;<\/a><\/p>\n","protected":false},"author":1,"featured_media":1094,"comment_status":"open","ping_status":"open","sticky":false,"template":"","format":"standard","meta":{"footnotes":""},"categories":[31],"tags":[24],"class_list":["post-1095","post","type-post","status-publish","format-standard","has-post-thumbnail","hentry","category-marche-de-noel","tag-marche-de-noel"],"_links":{"self":[{"href":"https:\/\/albeautour.asso.st\/index.php\/wp-json\/wp\/v2\/posts\/1095","targetHints":{"allow":["GET"]}}],"collection":[{"href":"https:\/\/albeautour.asso.st\/index.php\/wp-json\/wp\/v2\/posts"}],"about":[{"href":"https:\/\/albeautour.asso.st\/index.php\/wp-json\/wp\/v2\/types\/post"}],"author":[{"embeddable":true,"href":"https:\/\/albeautour.asso.st\/index.php\/wp-json\/wp\/v2\/users\/1"}],"replies":[{"embeddable":true,"href":"https:\/\/albeautour.asso.st\/index.php\/wp-json\/wp\/v2\/comments?post=1095"}],"version-history":[{"count":3,"href":"https:\/\/albeautour.asso.st\/index.php\/wp-json\/wp\/v2\/posts\/1095\/revisions"}],"predecessor-version":[{"id":1099,"href":"https:\/\/albeautour.asso.st\/index.php\/wp-json\/wp\/v2\/posts\/1095\/revisions\/1099"}],"wp:featuredmedia":[{"embeddable":true,"href":"https:\/\/albeautour.asso.st\/index.php\/wp-json\/wp\/v2\/media\/1094"}],"wp:attachment":[{"href":"https:\/\/albeautour.asso.st\/index.php\/wp-json\/wp\/v2\/media?parent=1095"}],"wp:term":[{"taxonomy":"category","embeddable":true,"href":"https:\/\/albeautour.asso.st\/index.php\/wp-json\/wp\/v2\/categories?post=1095"},{"taxonomy":"post_tag","embeddable":true,"href":"https:\/\/albeautour.asso.st\/index.php\/wp-json\/wp\/v2\/tags?post=1095"}],"curies":[{"name":"wp","href":"https:\/\/api.w.org\/{rel}","templated":true}]}}