{"id":1064,"date":"2023-04-03T13:04:36","date_gmt":"2023-04-03T12:04:36","guid":{"rendered":"https:\/\/albeautour.asso.st\/?p=1064"},"modified":"2023-11-02T21:39:29","modified_gmt":"2023-11-02T20:39:29","slug":"fete-des-ecoles-24-juin-2023","status":"publish","type":"post","link":"https:\/\/albeautour.asso.st\/index.php\/2023\/04\/03\/fete-des-ecoles-24-juin-2023\/","title":{"rendered":"F\u00eate des \u00e9coles : 24 juin 2023"},"content":{"rendered":"\n<p class=\"has-text-align-left\">\ud83c\udf89 Nous sommes enthousiastes \u00e0 l&rsquo;id\u00e9e de partager avec vous une nouvelle<mark style=\"background-color:rgba(0, 0, 0, 0);color:#ce1644\" class=\"has-inline-color\"><strong> f\u00eate des \u00e9coles<\/strong> <\/mark>!<\/p>\n\n\n\n<p>Venez d\u00e9couvrir les <strong><mark style=\"background-color:rgba(0, 0, 0, 0);color:#f6761e\" class=\"has-inline-color\">spectacles <\/mark><\/strong>organis\u00e9s par les enfants et l\u2019\u00e9quipe enseignante, ainsi que tous vos <strong><mark style=\"background-color:rgba(0, 0, 0, 0);color:#0757e3\" class=\"has-inline-color\">stands <\/mark><\/strong>pr\u00e9f\u00e9r\u00e9s : les structures gonflables, le chamboul&rsquo;tout, la p\u00eache aux canards, le tir \u00e0 l\u2019arc ou aux fl\u00e9chettes, le maquillage, le concours de foot (adultes &amp; enfants)\u2026<br><mark style=\"background-color:rgba(0, 0, 0, 0);color:#9c15d1\" class=\"has-inline-color\"><strong>D\u00e9jeuner convivial<\/strong> <\/mark>sur place entre les spectacles : apportez votre pique-nique ! Des tables seront disponibles et le bar sera ouvert.<\/p>\n\n\n\n<hr class=\"wp-block-separator has-text-color has-css-opacity has-background alignfull is-style-default\" style=\"background-color:#d9d9d9;color:#d9d9d9\"\/>\n\n\n\n<p>Comme \u00e0 chaque \u00e9dition, nous aurons <strong><mark style=\"background-color:rgba(0, 0, 0, 0);color:#3bac35\" class=\"has-inline-color\">besoin de votre aide <\/mark><\/strong>:<br>\u27a1\ufe0f Pour tenir les stands pendant l&rsquo;apr\u00e8s-midi le 24 juin,<br>Mais aussi pour les pr\u00e9paratifs :<br>\u27a1\ufe0f Pr\u00e9paration des lots et des enveloppes (samedi 10 juin de 10h \u00e0 12h30) <br>\u27a1\ufe0f Monter le podium (mercredi 14 juin \u00e0 partir de 17h)<br>\u27a1\ufe0f Pr\u00e9parer les sachets de bonbons (mercredi 14 juin de 20h \u00e0 21h30)<br>\u27a1\ufe0f Monter les stands (vendredi 23 juin \u00e0 partir de 17h) <br><strong>Inscrivez-vous en cliquant <a rel=\"noreferrer noopener\" href=\"https:\/\/albeautour.asso.st\/index.php\/2023\/04\/02\/stands-2023\/\" target=\"_blank\"><mark style=\"background-color:rgba(0, 0, 0, 0);color:#18c7a7\" class=\"has-inline-color\">I<\/mark>C<mark style=\"background-color:rgba(0, 0, 0, 0);color:#18c7a7\" class=\"has-inline-color\">I<\/mark><\/a><\/strong>. Merci d&rsquo;avance de votre participation et de votre soutien.<\/p>\n\n\n\n<hr class=\"wp-block-separator has-text-color has-css-opacity has-background alignfull is-style-default\" style=\"background-color:#d9d9d9;color:#d9d9d9\"\/>\n\n\n\n<p><strong><span style=\"color:#b8040d\" class=\"has-inline-color\">Tombola : mode d&#8217;emploi<\/span><\/strong><\/p>\n\n\n\n<p>\ud83c\udf9f\ufe0f Comme chaque ann\u00e9e, les enfants sont invit\u00e9s \u00e0 vendre dans leur entourage des tickets de tombola d\u2019une valeur de 1,50&nbsp;\u20ac, permettant de gagner de nombreux lots, dont&nbsp;:<br>1er lot : Une nuit \u00e0 l&rsquo;abbaye de Fontevraud (2 personnes) ;<br>2\u00e8me lot : Soir\u00e9e cabaret pour 2 \u00ab\u00a0La Plume Rouge\u00a0\u00bb \u00e0 la Chapelle des Marais (d\u00eener hors boissons) ;<br>3\u00e8me lot : Cours de p\u00e2tisserie St\u00e9phane Pasco (dur\u00e9e : 3 heures) ;<br>4\u00e8me lot : Pause d\u00e9tente au spa St Antoine \u00e0 Clisson (2 personnes) ;<br>5\u00e8me lot : 1 journ\u00e9e de location de cano\u00eb \u00e0 Vertou (2 adultes et 2 enfants).<\/p>\n\n\n\n<p>\ud83c\udf9f\ufe0f Pour chaque carnet de 10 tickets vendu, l&rsquo;enfant re\u00e7oit un ticket de participation au tirage au sort de la tombola \u00ab&nbsp;enfants&nbsp;\u00bb. Voici les lots \u00e0 gagner&nbsp;:<br>1er lot : Apr\u00e8s-midi f\u00eate d&rsquo;anniversaire (lieu selon \u00e2ge)&nbsp;;<br>2\u00e8me lot : Abonnement d&rsquo;un an \u00e0 Pandacraft ;<br>3\u00e8me lot : Jeu de tir \u00e0 l&rsquo;arc ;<br>4\u00e8me lot : Bon-cadeau Bo\u00eete \u00e0 M&rsquo;Alice (Vertou) ;<br>5\u00e8me lot : 2 entr\u00e9es Altissimo (St S\u00e9bastien) ;<br><em>Et de nombreux autres lots.<\/em><\/p>\n\n\n\n<p class=\"has-small-font-size\"><strong><em>Les b\u00e9n\u00e9fices de cette tombola sont redistribu\u00e9s dans la subvention de rentr\u00e9e servant au financement des sorties scolaires et des activit\u00e9s p\u00e9dagogiques.<\/em><\/strong><\/p>\n\n\n\n<hr class=\"wp-block-separator has-text-color has-css-opacity has-background alignfull is-style-default\" style=\"background-color:#d9d9d9;color:#d9d9d9\"\/>\n\n\n\n<p>\ud83c\udf0d Nous souhaitons favoriser le r\u00e9-emploi et limiter la prolif\u00e9ration des d\u00e9chets plastiques.<br>Pour ce faire, nous lan\u00e7ons une collecte de jeux\/jouets\/livres complets et en bon \u00e9tat, qui viendront garnir les stands de jeux. Comment proc\u00e9der&nbsp;?<br>\u27a1\ufe0f C\u2019est tr\u00e8s facile&nbsp;! Demandez \u00e0 votre\/vos enfant(s) de faire un tri dans leur chambre. Ils y trouveront tr\u00e8s probablement des petits jeux oubli\u00e9s qu\u2019il(s) ne souhaite(nt) pas conserver. Ensuite, il suffira de d\u00e9poser ces dons \u00e0 l&rsquo;\u00e9cole dans les cartons de collecte pr\u00e9vus \u00e0 cet effet.<br><strong><em>Nous comptons sur vous ! <\/em><\/strong>(et la plan\u00e8te aussi)<\/p>\n","protected":false},"excerpt":{"rendered":"<p>\ud83c\udf89 Nous sommes enthousiastes \u00e0 l&rsquo;id\u00e9e de partager avec vous une nouvelle f\u00eate des \u00e9coles ! Venez d\u00e9couvrir les spectacles organis\u00e9s par les enfants et l\u2019\u00e9quipe enseignante, ainsi que tous vos stands pr\u00e9f\u00e9r\u00e9s : les structures gonflables, le chamboul&rsquo;tout, la&#8230; <a class=\"more-link\" href=\"https:\/\/albeautour.asso.st\/index.php\/2023\/04\/03\/fete-des-ecoles-24-juin-2023\/\">Continue Reading &rarr;<\/a><\/p>\n","protected":false},"author":1,"featured_media":931,"comment_status":"open","ping_status":"open","sticky":false,"template":"","format":"standard","meta":{"footnotes":""},"categories":[6],"tags":[12],"class_list":["post-1064","post","type-post","status-publish","format-standard","has-post-thumbnail","hentry","category-fete-de-lecole","tag-fete-des-ecoles"],"_links":{"self":[{"href":"https:\/\/albeautour.asso.st\/index.php\/wp-json\/wp\/v2\/posts\/1064","targetHints":{"allow":["GET"]}}],"collection":[{"href":"https:\/\/albeautour.asso.st\/index.php\/wp-json\/wp\/v2\/posts"}],"about":[{"href":"https:\/\/albeautour.asso.st\/index.php\/wp-json\/wp\/v2\/types\/post"}],"author":[{"embeddable":true,"href":"https:\/\/albeautour.asso.st\/index.php\/wp-json\/wp\/v2\/users\/1"}],"replies":[{"embeddable":true,"href":"https:\/\/albeautour.asso.st\/index.php\/wp-json\/wp\/v2\/comments?post=1064"}],"version-history":[{"count":2,"href":"https:\/\/albeautour.asso.st\/index.php\/wp-json\/wp\/v2\/posts\/1064\/revisions"}],"predecessor-version":[{"id":1100,"href":"https:\/\/albeautour.asso.st\/index.php\/wp-json\/wp\/v2\/posts\/1064\/revisions\/1100"}],"wp:featuredmedia":[{"embeddable":true,"href":"https:\/\/albeautour.asso.st\/index.php\/wp-json\/wp\/v2\/media\/931"}],"wp:attachment":[{"href":"https:\/\/albeautour.asso.st\/index.php\/wp-json\/wp\/v2\/media?parent=1064"}],"wp:term":[{"taxonomy":"category","embeddable":true,"href":"https:\/\/albeautour.asso.st\/index.php\/wp-json\/wp\/v2\/categories?post=1064"},{"taxonomy":"post_tag","embeddable":true,"href":"https:\/\/albeautour.asso.st\/index.php\/wp-json\/wp\/v2\/tags?post=1064"}],"curies":[{"name":"wp","href":"https:\/\/api.w.org\/{rel}","templated":true}]}}