{"id":1054,"date":"2023-03-20T12:00:00","date_gmt":"2023-03-20T11:00:00","guid":{"rendered":"https:\/\/albeautour.asso.st\/?p=1054"},"modified":"2023-03-20T10:56:35","modified_gmt":"2023-03-20T09:56:35","slug":"chouchoutez-votre-jardin-2","status":"publish","type":"post","link":"https:\/\/albeautour.asso.st\/index.php\/2023\/03\/20\/chouchoutez-votre-jardin-2\/","title":{"rendered":"Chouchoutez votre jardin !"},"content":{"rendered":"\n<p>En partenariat avec les <a rel=\"noreferrer noopener\" href=\"https:\/\/www.pepinieres-renaud.com\/\" target=\"_blank\">p\u00e9pini\u00e8res Renaud<\/a> situ\u00e9e \u00e0 Vertou (zone de la Lou\u00e9e), nous vous proposons une vente de printemps pour <strong>des plants de fruits et l\u00e9gumes, herbes aromatiques et fleurs<\/strong>.<\/p>\n\n\n\n<p>L\u2019amicale la\u00efque a \u00e0 c\u0153ur de soutenir nos commerces locaux et de proposer aux familles des produits de qualit\u00e9 en circuit court.<\/p>\n\n\n\n<p>Que vous ayez un jardin, une terrasse ou un simple balcon, d\u00e9gustez des <span style=\"color:#bb0c1b\" class=\"has-inline-color\">tomates <\/span>cultiv\u00e9es par vos soins, cueillez les quelques brins de <span style=\"color:#108b0d\" class=\"has-inline-color\">menthe <\/span>ou de <span style=\"color:#108b0d\" class=\"has-inline-color\">ciboulette <\/span>dont vous avez besoin pour votre salade, profitez des couleurs \u00e9clatantes des <span style=\"color:#b12ed5\" class=\"has-inline-color\">fleurs <\/span>que vous avez arros\u00e9es&nbsp;!<\/p>\n\n\n\n<p>N\u2019h\u00e9sitez pas \u00e0 faire profiter de cette vente vos familles, voisins, amis ou coll\u00e8gues : il suffit de remplir un bon de commande pour chaque personne de votre entourage int\u00e9ress\u00e9e, en ajoutant simplement votre nom en tant que r\u00e9f\u00e9rent.&nbsp;Nous vous proposons deux options pour nous faire parvenir vos bons de commande :<\/p>\n\n\n\n<p><mark style=\"background-color:rgba(0, 0, 0, 0);color:#f9c815\" class=\"has-inline-color\"><strong>Option papier :<\/strong>\u00a0<\/mark>remplissez le bon de commande jaune fourni dans le cahier de votre enfant\u00a0et\u00a0glissez-le avec votre ch\u00e8que\u00a0dans une enveloppe sur laquelle vous inscrivez les nom\u00a0et\u00a0pr\u00e9nom\u00a0de votre enfant et le nom de son enseignante.\u00a0D\u00e9posez le tout dans le cahier de votre enfant ou dans la boite aux lettres de l&rsquo;ALB (27 rue des Ecoles)<strong>\u00a0avant le 14 avril.<\/strong><\/p>\n\n\n\n<p><mark style=\"background-color:rgba(0, 0, 0, 0);color:#36b9f1\" class=\"has-inline-color\"><strong>Option d\u00e9mat\u00e9rialis\u00e9e :<\/strong><\/mark>\u00a0 <strong>jusqu&rsquo;au 21 avril<\/strong>, commandez sur notre boutique HelloAsso avec un paiement par carte bancaire :<\/p>\n\n\n\n<div class=\"wp-block-buttons is-content-justification-center is-layout-flex wp-container-core-buttons-is-layout-16018d1d wp-block-buttons-is-layout-flex\">\n<div class=\"wp-block-button is-style-fill\"><a class=\"wp-block-button__link\" href=\"https:\/\/www.helloasso.com\/associations\/amicale-laique-de-beautour\/boutiques\/vente-de-plantes-2023\">Cliquez ici<\/a><\/div>\n<\/div>\n\n\n\n<p>En raison du volume et de la fragilit\u00e9 des plants, les commandes ne seront pas distribu\u00e9es aux enfants dans les classes. Des permanences pour le retrait de vos commandes se tiendront \u00e0 l&rsquo;\u00e9cole le&nbsp;<strong>vendredi 6 mai et le samedi 7 mai<\/strong>. Nous vous demanderons de r\u00e9server un&nbsp;cr\u00e9neau&nbsp;horaire afin de faciliter le retrait. Aux alentours du 1er mai, nous vous pr\u00e9ciserons le lieu de retrait et vous enverrons un lien vers l&rsquo;application de r\u00e9servation des&nbsp;cr\u00e9neaux horaires : veillez \u00e0 renseigner <strong>lisiblement<\/strong> votre adresse e-mail.<\/p>\n","protected":false},"excerpt":{"rendered":"<p>En partenariat avec les p\u00e9pini\u00e8res Renaud situ\u00e9e \u00e0 Vertou (zone de la Lou\u00e9e), nous vous proposons une vente de printemps pour des plants de fruits et l\u00e9gumes, herbes aromatiques et fleurs. L\u2019amicale la\u00efque a \u00e0 c\u0153ur de soutenir nos commerces&#8230; <a class=\"more-link\" href=\"https:\/\/albeautour.asso.st\/index.php\/2023\/03\/20\/chouchoutez-votre-jardin-2\/\">Continue Reading &rarr;<\/a><\/p>\n","protected":false},"author":1,"featured_media":742,"comment_status":"open","ping_status":"open","sticky":false,"template":"","format":"standard","meta":{"footnotes":""},"categories":[1],"tags":[29,11,28,8],"class_list":["post-1054","post","type-post","status-publish","format-standard","has-post-thumbnail","hentry","category-blog","tag-fleurs","tag-herbes-aromatiques","tag-plantes","tag-vente"],"_links":{"self":[{"href":"https:\/\/albeautour.asso.st\/index.php\/wp-json\/wp\/v2\/posts\/1054","targetHints":{"allow":["GET"]}}],"collection":[{"href":"https:\/\/albeautour.asso.st\/index.php\/wp-json\/wp\/v2\/posts"}],"about":[{"href":"https:\/\/albeautour.asso.st\/index.php\/wp-json\/wp\/v2\/types\/post"}],"author":[{"embeddable":true,"href":"https:\/\/albeautour.asso.st\/index.php\/wp-json\/wp\/v2\/users\/1"}],"replies":[{"embeddable":true,"href":"https:\/\/albeautour.asso.st\/index.php\/wp-json\/wp\/v2\/comments?post=1054"}],"version-history":[{"count":3,"href":"https:\/\/albeautour.asso.st\/index.php\/wp-json\/wp\/v2\/posts\/1054\/revisions"}],"predecessor-version":[{"id":1058,"href":"https:\/\/albeautour.asso.st\/index.php\/wp-json\/wp\/v2\/posts\/1054\/revisions\/1058"}],"wp:featuredmedia":[{"embeddable":true,"href":"https:\/\/albeautour.asso.st\/index.php\/wp-json\/wp\/v2\/media\/742"}],"wp:attachment":[{"href":"https:\/\/albeautour.asso.st\/index.php\/wp-json\/wp\/v2\/media?parent=1054"}],"wp:term":[{"taxonomy":"category","embeddable":true,"href":"https:\/\/albeautour.asso.st\/index.php\/wp-json\/wp\/v2\/categories?post=1054"},{"taxonomy":"post_tag","embeddable":true,"href":"https:\/\/albeautour.asso.st\/index.php\/wp-json\/wp\/v2\/tags?post=1054"}],"curies":[{"name":"wp","href":"https:\/\/api.w.org\/{rel}","templated":true}]}}